{"id":163,"date":"2019-10-18T07:33:49","date_gmt":"2019-10-18T07:33:49","guid":{"rendered":"http:\/\/iancushing.de\/?p=163"},"modified":"2025-10-21T17:39:19","modified_gmt":"2025-10-21T15:39:19","slug":"13-09-2019-buchblog-leif-inselmann","status":"publish","type":"post","link":"https:\/\/iancushing.de\/?p=163","title":{"rendered":"13.09.2019 &#8211; Buchblog Leif Inselmann"},"content":{"rendered":"\n<p><a href=\"https:\/\/www.facebook.com\/pg\/buchblog.leif.inselmann\">Buchblog Leif Inselmann &#8211; Facebook<\/a><br><a href=\"http:\/\/www.leif-inselmann.de\/\">Buchblog Leif Inselmann &#8211; Homepage<\/a><\/p>\n\n\n\n<p>Ein Jahr nach seiner unkonventionellen Novelle \u201eIn Ewigkeit\u201c, die ich die Ehre hatte rezensieren zu d\u00fcrfen, hat Ian Cushing nun mit \u201eDie Tr\u00e4ne der Zauberschen\u201c sein zweites Buch ver\u00f6ffentlicht. Der 460 Seiten starke Roman entf\u00fchrt uns in zwei Zeitebenen einer tragischen Geschichte von Ungerechtigkeit und Vergeltung. <\/p>\n\n\n\n<p>Im Jahre 1611 wurde die B\u00e4ckerin Barbara unschuldig Opfer eines Schauprozesses wegen Hexerei. Die drei Freunde Jan, Dirk und Marcus ahnen vierhundert Jahre sp\u00e4ter nichts davon, dass sie ein verheerendes Erbe in sich tragen \u2013 denn der Geist Barbaras, jahrhundertelang zur Unt\u00e4tigkeit verdammt, sinnt auf Vergeltung an ihnen und ihren Familien \u2026 Ian Cushing ist es einmal mehr gelungen, eine ganze Gruppe authentischer Charaktere zu entwerfen, ein jeder mit individuellem Profil und perfekt zusammenspielend in einem dicht inszenierten Szenario auf dem Weg Richtung Katastrophe. Abwechselnd beobachten wir den Prozess Barbaras im siebzehnten Jahrhundert und das zun\u00e4chst so idyllische Zusammenspiel der gegenw\u00e4rtigen Protagonisten, die zunehmend von dem rachs\u00fcchtigen Geist heimgesucht werden. Dabei ist die Prequel-Handlung weit mehr als nur blo\u00dfe Erkl\u00e4rung f\u00fcr sinnlosen Hass einer mordenden Untoten, hat diese doch auch nach Jahrhunderten der Verdammnis und der Rachegedanken ihren urspr\u00fcnglichen Charakter nicht ganz verloren. So ist dann auch das Ende ganz anders, als man es von anderen Heimsuchungsgeschichten gewohnt ist und \u00fcberrascht einen schon ziemlich \u2013 ein kreativer Bruch mit Konventionen, der gleich in mehrfacher Weise zum Nachdenken anregt, doch ohne dabei weniger folgerichtig zu sein. <\/p>\n\n\n\n<p>Gerade f\u00fcr ein im Self-Publishing ver\u00f6ffentlichtes Buch beweist \u201eDie Tr\u00e4ne der Zauberschen\u201c eine bemerkenswerte Qualit\u00e4t \u2013 nicht nur was das professionell gestaltete Cover angeht, sondern auch in Ausdruck und Sprache, die durchweg das Niveau massentauglicher Bestseller erreichen. Dabei ist das Buch sehr fl\u00fcssig zu lesen \u2013 Cushing beweist das Talent, selbst dann unterhaltsam zu schreiben, wenn gerade nicht die spannende Handlung vorangetrieben wird und es vielmehr um die Charakterisierung der Protagonisten und ihrer Familiensituation geht, was einen guten Teil der ersten H\u00e4lfte einnimmt. Wenig sp\u00e4ter schon geht es aber Schlag auf Schlag und die Handlung zieht schneller an, als man es erwartet h\u00e4tte. Man merkt durchaus, dass gar nicht einmal die Phantastik Kern des Romans ist, sondern vielmehr wirklich die handelnden (bzw. behandelten) Personen und ihr tragisches Schicksal. All das sorgt f\u00fcr eine umso lebendigere Identifikation mit den Figuren, gerade auch emotional au\u00dferordentlich mitrei\u00dfend. \u201eDie Tr\u00e4ne der Zauberschen\u201c ist letztlich voll und ganz zu empfehlen \u2013 spannende und fl\u00fcssige Unterhaltung, schnell gelesen, doch trotzdem nicht ohne einige inhaltliche Tiefe. <\/p>\n\n\n\n<figure class=\"wp-block-image\"><img loading=\"lazy\" decoding=\"async\" width=\"683\" height=\"1024\" src=\"https:\/\/iancushing.de\/wp-content\/uploads\/2019\/10\/FB-Rezi-03-Buchblog-Leif-Inselmann-683x1024.png\" alt=\"\" class=\"wp-image-316\" srcset=\"https:\/\/iancushing.de\/wp-content\/uploads\/2019\/10\/FB-Rezi-03-Buchblog-Leif-Inselmann-683x1024.png 683w, https:\/\/iancushing.de\/wp-content\/uploads\/2019\/10\/FB-Rezi-03-Buchblog-Leif-Inselmann-200x300.png 200w, https:\/\/iancushing.de\/wp-content\/uploads\/2019\/10\/FB-Rezi-03-Buchblog-Leif-Inselmann-768x1152.png 768w, https:\/\/iancushing.de\/wp-content\/uploads\/2019\/10\/FB-Rezi-03-Buchblog-Leif-Inselmann-140x210.png 140w, https:\/\/iancushing.de\/wp-content\/uploads\/2019\/10\/FB-Rezi-03-Buchblog-Leif-Inselmann.png 1200w\" sizes=\"auto, (max-width: 683px) 100vw, 683px\" \/><\/figure>\n","protected":false},"excerpt":{"rendered":"<p>Buchblog Leif Inselmann &#8211; FacebookBuchblog Leif Inselmann &#8211; Homepage Ein Jahr nach seiner unkonventionellen Novelle \u201eIn Ewigkeit\u201c, die ich die Ehre hatte rezensieren zu d\u00fcrfen, hat Ian Cushing nun mit \u201eDie Tr\u00e4ne der Zauberschen\u201c sein zweites Buch ver\u00f6ffentlicht. Der 460 Seiten starke Roman entf\u00fchrt uns in zwei Zeitebenen einer tragischen Geschichte von Ungerechtigkeit und Vergeltung. [&hellip;]<\/p>\n","protected":false},"author":1,"featured_media":0,"comment_status":"closed","ping_status":"open","sticky":false,"template":"","format":"standard","meta":{"footnotes":""},"categories":[9],"tags":[],"class_list":["post-163","post","type-post","status-publish","format-standard","hentry","category-rezension-die-traene-der-zauberschen"],"_links":{"self":[{"href":"https:\/\/iancushing.de\/index.php?rest_route=\/wp\/v2\/posts\/163","targetHints":{"allow":["GET"]}}],"collection":[{"href":"https:\/\/iancushing.de\/index.php?rest_route=\/wp\/v2\/posts"}],"about":[{"href":"https:\/\/iancushing.de\/index.php?rest_route=\/wp\/v2\/types\/post"}],"author":[{"embeddable":true,"href":"https:\/\/iancushing.de\/index.php?rest_route=\/wp\/v2\/users\/1"}],"replies":[{"embeddable":true,"href":"https:\/\/iancushing.de\/index.php?rest_route=%2Fwp%2Fv2%2Fcomments&post=163"}],"version-history":[{"count":4,"href":"https:\/\/iancushing.de\/index.php?rest_route=\/wp\/v2\/posts\/163\/revisions"}],"predecessor-version":[{"id":330,"href":"https:\/\/iancushing.de\/index.php?rest_route=\/wp\/v2\/posts\/163\/revisions\/330"}],"wp:attachment":[{"href":"https:\/\/iancushing.de\/index.php?rest_route=%2Fwp%2Fv2%2Fmedia&parent=163"}],"wp:term":[{"taxonomy":"category","embeddable":true,"href":"https:\/\/iancushing.de\/index.php?rest_route=%2Fwp%2Fv2%2Fcategories&post=163"},{"taxonomy":"post_tag","embeddable":true,"href":"https:\/\/iancushing.de\/index.php?rest_route=%2Fwp%2Fv2%2Ftags&post=163"}],"curies":[{"name":"wp","href":"https:\/\/api.w.org\/{rel}","templated":true}]}}