{"id":4237,"date":"2022-08-19T11:12:49","date_gmt":"2022-08-19T09:12:49","guid":{"rendered":"https:\/\/iancushing.de\/?p=4237"},"modified":"2025-10-21T17:32:46","modified_gmt":"2025-10-21T15:32:46","slug":"ilona-arfaoui-die-anderen","status":"publish","type":"post","link":"https:\/\/iancushing.de\/?p=4237","title":{"rendered":"Ilona Arfaoui &#8211; Die Anderen"},"content":{"rendered":"\n<p><a href=\"https:\/\/www.ilonaarfaoui.com\" data-type=\"URL\" data-id=\"https:\/\/www.ilonaarfaoui.com\">Ilona Arfaoui &#8211; Homepage<\/a><br><a href=\"https:\/\/www.instagram.com\/ilonaarfaoui\" data-type=\"URL\" data-id=\"https:\/\/www.instagram.com\/ilonaarfaoui\">Ilona Arfaoui &#8211; Instagram<\/a><\/p>\n\n\n\n<p>Nach \u00bb<a href=\"https:\/\/iancushing.de\/?p=558\" data-type=\"URL\" data-id=\"https:\/\/iancushing.de\/?p=558\">Der K\u00f6nig der Schatten<\/a>\u00ab und \u00bb<a href=\"https:\/\/iancushing.de\/?p=677\" data-type=\"URL\" data-id=\"https:\/\/iancushing.de\/?p=677\">Der Hexenmeister, die Macht und die Finsternis<\/a>\u00ab vervollst\u00e4ndigt Ilona Arfaoui mit \u00bbDie Anderen\u00ab ihre Trilogie um das Schwarze Land und die Geschichte von Cahal O&#8217;Brian und seinen acht Gef\u00e4hrten.<\/p>\n\n\n\n<p>Der Dunkle Meister offeriert den Erw\u00e4hlten und Cahal O&#8217;Brian einen Handel: Finden sie einen ganz besonderen Edelstein, wird Cahal, sofern seine Gef\u00e4hrten sich einstimmig daf\u00fcr aussprechen, vom traurigen K\u00f6nig der Schatten zum Hochk\u00f6nig des gesamten Schwarzen Landes. Das Verh\u00e4ltnis der Erw\u00e4hlten untereinander war niemals ungetr\u00fcbt und nicht alle sind freundschaftlich miteinander verbunden \u2013 sogar falls der Stein gefunden wird, ist somit nicht sicher, dass Cahal auch tats\u00e4chlich die uneingeschr\u00e4nkte Herrschaft \u00fcber das Schwarze Land \u00fcbernehmen wird. Dazu kommen nat\u00fcrlich noch die Intrigen und Versuche, diese gravierende Ver\u00e4nderung zu verhindern, von den anderen Anderen, die Cahal seit Jahrhunderten nicht wohlgesonnen sind.<\/p>\n\n\n\n<p>Die drei B\u00e4nde k\u00f6nnen einzeln gelesen werden; in \u00bbDie Anderen\u00ab greift die Autorin die Geschehnisse der beiden vorherigen B\u00fccher auf und r\u00e4umt ihnen den geb\u00fchrenden Platz ein. Leser, die mit ihrem neusten Buch einsteigen, werden ohne Probleme mit auf die Reise genommen, aber in den vollst\u00e4ndigen Genuss der Saga kommt man meiner Meinung nach nur, wenn man die gesamte Trilogie genie\u00dft. F\u00fcr mich als Kenner der beiden Vorg\u00e4nger waren die R\u00fcckblicke wohldosiert, haben den Lesefluss keineswegs gebremst und die Erinnerungen an die Geschehnisse aufgefrischt \u2013 und gleichzeitig daf\u00fcr gesorgt, dass ich gr\u00f6\u00dfte Lust bekommen habe, die beiden anderen B\u00fccher erneut zu lesen.<\/p>\n\n\n\n<figure class=\"wp-block-image size-large\"><img loading=\"lazy\" decoding=\"async\" width=\"1024\" height=\"1024\" src=\"https:\/\/iancushing.de\/wp-content\/uploads\/2022\/08\/Ilona-Arfaoui-Die-Anderen-1024x1024.png\" alt=\"\" class=\"wp-image-4239\" srcset=\"https:\/\/iancushing.de\/wp-content\/uploads\/2022\/08\/Ilona-Arfaoui-Die-Anderen-1024x1024.png 1024w, https:\/\/iancushing.de\/wp-content\/uploads\/2022\/08\/Ilona-Arfaoui-Die-Anderen-300x300.png 300w, https:\/\/iancushing.de\/wp-content\/uploads\/2022\/08\/Ilona-Arfaoui-Die-Anderen-150x150.png 150w, https:\/\/iancushing.de\/wp-content\/uploads\/2022\/08\/Ilona-Arfaoui-Die-Anderen-768x768.png 768w, https:\/\/iancushing.de\/wp-content\/uploads\/2022\/08\/Ilona-Arfaoui-Die-Anderen-1536x1536.png 1536w, https:\/\/iancushing.de\/wp-content\/uploads\/2022\/08\/Ilona-Arfaoui-Die-Anderen-210x210.png 210w, https:\/\/iancushing.de\/wp-content\/uploads\/2022\/08\/Ilona-Arfaoui-Die-Anderen-1960x1960.png 1960w\" sizes=\"auto, (max-width: 980px) 100vw, 980px\" \/><\/figure>\n\n\n\n<p>Ilona Arfaoui schreibt anspruchsvolle Phantastik und seit einem B\u00fcchlein namens \u00bbEs\u00ab eines gewissen Stephen King wurde ich nicht mehr so herrlich durch verschiedene Zeiten, R\u00fcckblicke und aktuelle Ereignisse gejagt. Ja, der Leser muss tats\u00e4chlich immer voll bei der Sache sein, damit er in den verschiedenen Zeiten und verschiedenen Pers\u00f6nlichkeiten der Protagonisten nicht den Faden verliert.<\/p>\n\n\n\n<p>Ihr Schreibstil ist (wie immer) ein Genuss; in \u00bbDie Anderen\u00ab schl\u00e4gt sie einen weicheren, beinahe poetischen Ton an, denn erz\u00e4hlt wird die Geschichte diesmal von der wundervollen Muireall, der Herrin des Waldes, die die Leser der Vorg\u00e4nger bereits lieben gelernt haben.<br>Die Autorin versteht es allerdings meisterhaft, die d\u00fcstere Stimmung durch saloppe Wortwechsel und Gedanken der Protagonisten oder die direkte Ansprache des Lesers immer wieder aufzulockern. Die Grausamkeiten der anderen B\u00fccher \u2013 und davon gab es reichlich \u2013 sind einer melancholischeren Stimmung gewichen. Und dieser Ton steht der Geschichte um das Schicksal der Erw\u00e4hlten sehr gut zu Gesicht.<\/p>\n\n\n\n<p>Auch wenn diese Geschichte abgeschlossen ist, schossen mir nach Beendigung der Lekt\u00fcre mindestens sechs Fragen spontan durch den Kopf, die ich gern beantwortet gehabt h\u00e4tte. Aber um die Autorin zu zitieren: <\/p>\n\n\n\n<blockquote class=\"wp-block-quote has-text-align-right is-style-default has-black-color has-vivid-cyan-blue-background-color has-text-color has-background is-layout-flow wp-block-quote-is-layout-flow\"><p><em><strong>\u00bbNein, die Geschichte selbst ist nat\u00fcrlich nicht beendet. Geschichten gehen nicht zu Ende, sie gehen mit der n\u00e4chsten Geschichte weiter [\u2026] Wer immer sie erz\u00e4hlen mag.\u00ab<\/strong><\/em><\/p><cite>Ilona Arfaoui &#8211; Die Anderen<\/cite><\/blockquote>\n\n\n\n<p>Und genau das macht \u00bbDie Anderen\u00ab zu einem guten Buch und dem perfekten Abschluss ihrer Trilogie: Die Autorin hat uns \u00fcber insgesamt 1580 Seiten eine gro\u00dfartige Geschichte geschenkt und l\u00e4sst uns nun damit allein unseren Weg gehen, anstatt alles in Grund und Boden zu erkl\u00e4ren. Und wer wei\u00df, vielleicht erfahren wir ja irgendwann doch noch mehr von den Figuren, die uns \u00fcber die Zeit (auf eine mitunter fragw\u00fcrdige Art) ans Herz gewachsen sind?<\/p>\n\n\n\n<p>Die Umsetzung des Buches ist rundum gelungen: Von den praktisch nichtexistierenden Tippfehlern, \u00fcber den hervorragend lesbaren Buchsatz, bis zu den zehn farbigen Illustrationen von der Autorin h\u00f6chstpers\u00f6nlich, pr\u00e4sentiert sich das Buch auf einem absolut professionellen Niveau.<\/p>\n\n\n\n<p>Durch ihren individuellen Stil und ihre einzigartige Erz\u00e4hlkunst, mit der Ilona von der ersten Seite der gesamten Trilogie an die Leser an die Hand nimmt, um ihnen die tiefsten Abgr\u00fcnde der menschlichen Seele durch Zeit und Raum zu offenbaren, z\u00e4hlen ihre B\u00fccher ohne Frage mit zum Besten, was ich jemals im Selfpublisher-Bereich (und dar\u00fcber hinaus) gelesen habe.<\/p>\n\n\n\n<p>Wer anspruchsvolle Geschichten sucht, bei denen Herz und Verstand gefordert werden, und die meines Erachtens in Komplexit\u00e4t und Umsetzung ihresgleichen suchen, besucht Ilona Arfaoui bitte in den sozialen Medien oder auf ihrer Homepage (die Ausz\u00fcge aus den B\u00fcchern bietet) und lasst Euch in die Anderswelt entf\u00fchren. Es wird sich definitiv lohnen.<\/p>\n\n\n\n<p>Erh\u00e4ltlich ist \u00bbDie Anderen\u00ab als Taschenbuch und eBook.<\/p>\n\n\n\n<p><em>[Es handelt sich bei \u201eMeinen Gedanken zu anderen B\u00fcchern\u201c stets um meine rein subjektive Meinung als Leser und ich schreibe sie auf, weil mir danach ist. Das geschieht rein freiwillig.]<\/em><\/p>\n","protected":false},"excerpt":{"rendered":"<p>Ilona Arfaoui &#8211; HomepageIlona Arfaoui &#8211; Instagram Nach \u00bbDer K\u00f6nig der Schatten\u00ab und \u00bbDer Hexenmeister, die Macht und die Finsternis\u00ab vervollst\u00e4ndigt Ilona Arfaoui mit \u00bbDie Anderen\u00ab ihre Trilogie um das Schwarze Land und die Geschichte von Cahal O&#8217;Brian und seinen acht Gef\u00e4hrten. Der Dunkle Meister offeriert den Erw\u00e4hlten und Cahal O&#8217;Brian einen Handel: Finden sie [&hellip;]<\/p>\n","protected":false},"author":1,"featured_media":0,"comment_status":"closed","ping_status":"open","sticky":false,"template":"","format":"standard","meta":{"footnotes":""},"categories":[15],"tags":[],"class_list":["post-4237","post","type-post","status-publish","format-standard","hentry","category-rezensionen-anderer-buecher"],"_links":{"self":[{"href":"https:\/\/iancushing.de\/index.php?rest_route=\/wp\/v2\/posts\/4237","targetHints":{"allow":["GET"]}}],"collection":[{"href":"https:\/\/iancushing.de\/index.php?rest_route=\/wp\/v2\/posts"}],"about":[{"href":"https:\/\/iancushing.de\/index.php?rest_route=\/wp\/v2\/types\/post"}],"author":[{"embeddable":true,"href":"https:\/\/iancushing.de\/index.php?rest_route=\/wp\/v2\/users\/1"}],"replies":[{"embeddable":true,"href":"https:\/\/iancushing.de\/index.php?rest_route=%2Fwp%2Fv2%2Fcomments&post=4237"}],"version-history":[{"count":6,"href":"https:\/\/iancushing.de\/index.php?rest_route=\/wp\/v2\/posts\/4237\/revisions"}],"predecessor-version":[{"id":4245,"href":"https:\/\/iancushing.de\/index.php?rest_route=\/wp\/v2\/posts\/4237\/revisions\/4245"}],"wp:attachment":[{"href":"https:\/\/iancushing.de\/index.php?rest_route=%2Fwp%2Fv2%2Fmedia&parent=4237"}],"wp:term":[{"taxonomy":"category","embeddable":true,"href":"https:\/\/iancushing.de\/index.php?rest_route=%2Fwp%2Fv2%2Fcategories&post=4237"},{"taxonomy":"post_tag","embeddable":true,"href":"https:\/\/iancushing.de\/index.php?rest_route=%2Fwp%2Fv2%2Ftags&post=4237"}],"curies":[{"name":"wp","href":"https:\/\/api.w.org\/{rel}","templated":true}]}}