{"id":5032,"date":"2023-07-23T13:32:50","date_gmt":"2023-07-23T11:32:50","guid":{"rendered":"https:\/\/iancushing.de\/?p=5032"},"modified":"2025-10-21T17:31:55","modified_gmt":"2025-10-21T15:31:55","slug":"07-07-2023-buchverliebte22","status":"publish","type":"post","link":"https:\/\/iancushing.de\/?p=5032","title":{"rendered":"07.07.2023 &#8211; buchverliebte22"},"content":{"rendered":"\n<p><a href=\"https:\/\/www.instagram.com\/buchverliebte22\" data-type=\"URL\" data-id=\"https:\/\/www.instagram.com\/buchverliebte22\" target=\"_blank\" rel=\"noreferrer noopener\">buchverliebte22 &#8211; Instagram<\/a><\/p>\n\n\n\n<p>Mein Fazit:<br>Ich mag es sehr wenn sich die Geschichte im fr\u00fcher und heute vereinen. Die Geschichte fand ich genial, habe so mit Barbara mitgef\u00fchlt als w\u00e4re ich an ihrer Seite.<\/p>\n\n\n\n<p>Im 1611 zu leben ist gewiss nicht einfach gewesen, wenn man den Geschichtsb\u00fccher folgen kann, was bei Hexenverfolgung alles unternommen wurde; einfach nur barbarisch und grausam, dies schreibt Ian sehr detailliert.<\/p>\n\n\n\n<p>Die Verbindung mit den Freunden war echt gut umgesetzt, um den Bild ein Gesicht zu geben. Die Atmosph\u00e4re war glaubhaft und so realistisch geschrieben, jeder Protagonist hatte seine Rolle.<\/p>\n\n\n\n<p>Ich habe schon mehrere Werke von Ian gelesen, mir fehlt nur noch Mission Lichtbringer.<\/p>\n\n\n\n<figure class=\"wp-block-image size-large\"><img loading=\"lazy\" decoding=\"async\" width=\"1024\" height=\"1024\" src=\"https:\/\/iancushing.de\/wp-content\/uploads\/2023\/07\/Insta-32-buchverliebte22-1024x1024.png\" alt=\"\" class=\"wp-image-5033\" srcset=\"https:\/\/iancushing.de\/wp-content\/uploads\/2023\/07\/Insta-32-buchverliebte22-1024x1024.png 1024w, https:\/\/iancushing.de\/wp-content\/uploads\/2023\/07\/Insta-32-buchverliebte22-300x300.png 300w, https:\/\/iancushing.de\/wp-content\/uploads\/2023\/07\/Insta-32-buchverliebte22-150x150.png 150w, https:\/\/iancushing.de\/wp-content\/uploads\/2023\/07\/Insta-32-buchverliebte22-768x768.png 768w, https:\/\/iancushing.de\/wp-content\/uploads\/2023\/07\/Insta-32-buchverliebte22-1536x1536.png 1536w, https:\/\/iancushing.de\/wp-content\/uploads\/2023\/07\/Insta-32-buchverliebte22-210x210.png 210w, https:\/\/iancushing.de\/wp-content\/uploads\/2023\/07\/Insta-32-buchverliebte22-1960x1960.png 1960w\" sizes=\"auto, (max-width: 980px) 100vw, 980px\" \/><\/figure>\n","protected":false},"excerpt":{"rendered":"<p>buchverliebte22 &#8211; Instagram Mein Fazit:Ich mag es sehr wenn sich die Geschichte im fr\u00fcher und heute vereinen. Die Geschichte fand ich genial, habe so mit Barbara mitgef\u00fchlt als w\u00e4re ich an ihrer Seite. Im 1611 zu leben ist gewiss nicht einfach gewesen, wenn man den Geschichtsb\u00fccher folgen kann, was bei Hexenverfolgung alles unternommen wurde; einfach [&hellip;]<\/p>\n","protected":false},"author":1,"featured_media":0,"comment_status":"closed","ping_status":"closed","sticky":false,"template":"","format":"standard","meta":{"footnotes":""},"categories":[9],"tags":[],"class_list":["post-5032","post","type-post","status-publish","format-standard","hentry","category-rezension-die-traene-der-zauberschen"],"_links":{"self":[{"href":"https:\/\/iancushing.de\/index.php?rest_route=\/wp\/v2\/posts\/5032","targetHints":{"allow":["GET"]}}],"collection":[{"href":"https:\/\/iancushing.de\/index.php?rest_route=\/wp\/v2\/posts"}],"about":[{"href":"https:\/\/iancushing.de\/index.php?rest_route=\/wp\/v2\/types\/post"}],"author":[{"embeddable":true,"href":"https:\/\/iancushing.de\/index.php?rest_route=\/wp\/v2\/users\/1"}],"replies":[{"embeddable":true,"href":"https:\/\/iancushing.de\/index.php?rest_route=%2Fwp%2Fv2%2Fcomments&post=5032"}],"version-history":[{"count":1,"href":"https:\/\/iancushing.de\/index.php?rest_route=\/wp\/v2\/posts\/5032\/revisions"}],"predecessor-version":[{"id":5034,"href":"https:\/\/iancushing.de\/index.php?rest_route=\/wp\/v2\/posts\/5032\/revisions\/5034"}],"wp:attachment":[{"href":"https:\/\/iancushing.de\/index.php?rest_route=%2Fwp%2Fv2%2Fmedia&parent=5032"}],"wp:term":[{"taxonomy":"category","embeddable":true,"href":"https:\/\/iancushing.de\/index.php?rest_route=%2Fwp%2Fv2%2Fcategories&post=5032"},{"taxonomy":"post_tag","embeddable":true,"href":"https:\/\/iancushing.de\/index.php?rest_route=%2Fwp%2Fv2%2Ftags&post=5032"}],"curies":[{"name":"wp","href":"https:\/\/api.w.org\/{rel}","templated":true}]}}