{"id":5211,"date":"2024-07-27T12:16:29","date_gmt":"2024-07-27T10:16:29","guid":{"rendered":"https:\/\/iancushing.de\/?p=5211"},"modified":"2025-10-21T17:31:28","modified_gmt":"2025-10-21T15:31:28","slug":"michael-p-kraus-ragins-reisen-das-grauen-im-forsthaus","status":"publish","type":"post","link":"https:\/\/iancushing.de\/?p=5211","title":{"rendered":"Michael P. Kraus \u2013 Ragins Reisen: Das Grauen im Forsthaus"},"content":{"rendered":"\n<p><a href=\"https:\/\/michael-p-kraus.jimdofree.com\" data-type=\"link\" data-id=\"https:\/\/michael-p-kraus.jimdofree.com\" target=\"_blank\" rel=\"noreferrer noopener\">Homepage <\/a><br><a href=\"https:\/\/www.instagram.com\/michael.p.kraus\" data-type=\"link\" data-id=\"https:\/\/www.instagram.com\/michael.p.kraus\" target=\"_blank\" rel=\"noreferrer noopener\">Instagram <\/a><br><a href=\"https:\/\/www.facebook.com\/serpensverlag\" data-type=\"link\" data-id=\"https:\/\/www.facebook.com\/serpensverlag\" target=\"_blank\" rel=\"noreferrer noopener\">Serpens Verlag <\/a><\/p>\n\n\n\n<p>Lange schon stand das Buch <strong>\u00bbRagins Reisen: Das Grauen im Forsthaus\u00ab<\/strong> auf meiner Wunschliste und \u2013 als h\u00e4tte ich keinen \u00fcberaus ansehnlichen SUB \u2013 wurde es auserkoren, mich in den Urlaub zu begleiten. Also direkt beim Serpens Verlag bestellt und nach kurzer Zeit trudelte das Buch bei mir ein.<\/p>\n\n\n\n<p>Gibt es Magie oder gar Magier in unserer Welt? Nachdem man das Buch gelesen hat, wird man nicht mehr spontan mit einem inbr\u00fcnstigen \u00bbNee\u00ab antworten. Die Antwort hei\u00dft dann \u00bbVielleicht\u00ab.<\/p>\n\n\n\n<p>Das Buch beinhaltet drei Geschichten unterschiedlicher L\u00e4nge und wir lernen Peter kennen. Peter ist ein ganz normaler Typ. Wenn man mal davon absieht, dass Peter ein Magier ist und von Gesch\u00f6pfen des Waldes den Namen Ragin und einen machtvollen Wanderstab erhalten hat. Peter macht normale Peter-Dinge, aber wei\u00df \u2013 und der\/die Leser*in nach der Lekt\u00fcre auch \u2013, dass eine magische Welt existiert, die wir Normalos allerdings nicht wahrnehmen. Doch leiden k\u00f6nnen wir unter der uns fremden Welt, wie Ela im \u00bbSeelenfrost\u00ab oder Susi in der titelgebenden Geschichte \u00bbDas Grauen im Forsthaus\u00ab.<\/p>\n\n\n\n<p>Uns begegnen in den Geschichten Magier, ein machtvoller Wanderstab, Geister, Hexen, Seelentiere, magische Welten und Traumreisen in andere Welten \u2026<br>Was nach einem lupenreinen Fanstasy-Roman klingt, ist dank <em>Michael P. Kraus<\/em>\u2019 Erz\u00e4hlkunst und Fantasie allerdings feinste Phantastik. Ich habe die Geschichten sehr genossen, denn sie bieten mir das, was ich pers\u00f6nlich sehr gern lesen: Der Realit\u00e4t unserer Welt wird die perfekte Dosis Phantastik hinzugef\u00fcgt. Wir leben in unserem Hier und Jetzt und m\u00fcssen uns mysteri\u00f6sen Kr\u00e4ften stellen, ob wir wollen oder nicht.<\/p>\n\n\n\n<p>Ich mag sehr, dass die Magie \u2013 so wichtig sie auch ist \u2013 in den richtigen Dosen und zur richtigen Zeit eingesetzt wird. Hier fliegen nicht permanent die magischen Funken, es gibt kein andauerndes Hexhex, sondern um den Menschen zu helfen und Probleme zu l\u00f6sen, muss Ragin mit seinen Ford Fiesta durch die Gegend zuckeln, seinen Grips anstrengen, recherchieren, und andere \u00fcberzeugen. So k\u00f6nnte ich die Geschichten als klassische Gruselstorys mit einem besonnenen Magier als Protagonisten bezeichnen. Und genau diese Mischung finde ich pers\u00f6nlich absolut gro\u00dfartig!<\/p>\n\n\n\n<p>In der letzten Geschichte \u00bbWie alles begann: Der Ruf des Waldes\u00ab weicht der Grusel\/Horror der Phantastik mit einem Hauch Fantasy und einem Pl\u00e4doyer f\u00fcr die Natur, ihre Sch\u00f6nheit, ihren Schutz. Okay, gruselig ist es auch, aber der Grusel steht nicht im Vordergrund, sondern ergibt sich zwangsl\u00e4ufig, wenn man nachts durch den bayrischen Wald wandert und eine verwunschene Lichtung entdeckt.<\/p>\n\n\n\n<figure class=\"wp-block-image size-large\"><img loading=\"lazy\" decoding=\"async\" width=\"1024\" height=\"1024\" src=\"https:\/\/iancushing.de\/wp-content\/uploads\/2024\/07\/Michael-P.-Kraus-Ragins-Reisen-1024x1024.png\" alt=\"\" class=\"wp-image-5212\" srcset=\"https:\/\/iancushing.de\/wp-content\/uploads\/2024\/07\/Michael-P.-Kraus-Ragins-Reisen-1024x1024.png 1024w, https:\/\/iancushing.de\/wp-content\/uploads\/2024\/07\/Michael-P.-Kraus-Ragins-Reisen-300x300.png 300w, https:\/\/iancushing.de\/wp-content\/uploads\/2024\/07\/Michael-P.-Kraus-Ragins-Reisen-150x150.png 150w, https:\/\/iancushing.de\/wp-content\/uploads\/2024\/07\/Michael-P.-Kraus-Ragins-Reisen-768x768.png 768w, https:\/\/iancushing.de\/wp-content\/uploads\/2024\/07\/Michael-P.-Kraus-Ragins-Reisen-1536x1536.png 1536w, https:\/\/iancushing.de\/wp-content\/uploads\/2024\/07\/Michael-P.-Kraus-Ragins-Reisen-210x210.png 210w, https:\/\/iancushing.de\/wp-content\/uploads\/2024\/07\/Michael-P.-Kraus-Ragins-Reisen-1960x1960.png 1960w\" sizes=\"auto, (max-width: 980px) 100vw, 980px\" \/><\/figure>\n\n\n\n<p>Ragin ist ein durch und durch sympathischer Charakter und auch wenn man relativ wenig \u00fcber den magischen Werdegang wei\u00df, glaubt man ihm jedes Wort. Alles flie\u00dft \u2013 beinahe schon \u00fcbernat\u00fcrlich \u2013 nat\u00fcrlich. Die besten phantastischen B\u00fccher sind die, bei denen man ohne Grummeln in der Magengegend einfach den Worten und Ereignissen folgt, ohne sie auch nur f\u00fcr eine Sekunde in Frage zu stellen. Und das ist bei <strong>\u00bbRagins Reisen: Das Grauen im Forsthaus\u00ab<\/strong> der Fall.<\/p>\n\n\n\n<p>Neben dem erw\u00e4hnten Hauptcharakter sind auch die Nebenfiguren differenziert und gut angelegt. Die Menschen sind gut gezeichnet und die Mystischen machen neugierig, bleiben sie doch geheimnisvoll und doch ahnt man, welche Kr\u00e4fte in ihnen schlummern. Bis auf die Gegenspieler sind alle Figuren schrecklich sympathisch, ohne ihre Fehler, Ecken und Kanten zu verlieren. Auch das ist ein Grund, warum ich mich in der Geschichte sehr wohlgef\u00fchlt habe.<\/p>\n\n\n\n<p>Seiner bayrischen Herkunft zollt er nicht nur Tribut, wenn er uns auf die Wanderungen mitnimmt, die Berge erkl\u00e4rt und uns die Sch\u00f6nheit der Natur zu F\u00fc\u00dfen legt, sondern auch wenn er den Wesen des Waldes eine eigene Sprache verpasst. Das ist verdammt gut gelungen!<\/p>\n\n\n\n<p>Ich bin neugierig, ob jemals in aller Ausf\u00fchrlichkeit erz\u00e4hlt wird, wie Ragin zu dem wurde, der er ist und wir etwas mehr \u00fcber seine Ausbildung bei Irma und Walthraban erfahren. Aber ob das geschehen wird oder ob nicht: Ich w\u00fcrde mich freuen, irgendwann Chris (aka Bartur) wiederzutreffen oder mich einfach von neuen Gruselgeschichten mit Ragin in den Bann ziehen zu lassen.<\/p>\n\n\n\n<p><em>Michael P. Kraus<\/em>\u2019 Stil ist hervorragend, l\u00e4sst sich fl\u00fcssig lesen und die Geschichten kennen keine L\u00e4ngen. Er schafft es problemlos, mich in die Geschichte hineinzuziehen und aufgrund des Zusammenspiels aller genannten Faktoren, war es ein wirkliches Lese-Highlight f\u00fcr mich.<\/p>\n\n\n\n<p>Die Aufmachung des Buches, das Layout und das Korrektorat sind erste Sahne und tragen nicht unwesentlich zum Lesegenuss bei.<\/p>\n\n\n\n<p>Ich w\u00fcrde gerne auch kritische Anmerkungen machen, aber \u2026 mir ist nichts aufgefallen. Doch! Ich finde es unversch\u00e4mt, dass es bisher nur ein Buch mit bzw. \u00fcber Ragin gibt! Sch\u00e4m dich,<em> Michael P. Kraus<\/em>!<\/p>\n\n\n\n<p>Phantastisch. Das ist sowohl meine Genrebezeichnung als auch Bewertung von <strong>\u00bbRagins Reisen: Das Grauen im Forsthaus\u00ab<\/strong>.<\/p>\n\n\n\n<p><em>[Es handelt sich bei <strong>\u00bb<\/strong>Meinen Gedanken zu anderen B\u00fcchern<strong>\u00ab<\/strong> stets um meine rein subjektive Meinung als Leser und ich schreibe sie auf, weil mir danach ist. Das geschieht rein freiwillig.]<\/em><\/p>\n","protected":false},"excerpt":{"rendered":"<p>Homepage Instagram Serpens Verlag Lange schon stand das Buch \u00bbRagins Reisen: Das Grauen im Forsthaus\u00ab auf meiner Wunschliste und \u2013 als h\u00e4tte ich keinen \u00fcberaus ansehnlichen SUB \u2013 wurde es auserkoren, mich in den Urlaub zu begleiten. Also direkt beim Serpens Verlag bestellt und nach kurzer Zeit trudelte das Buch bei mir ein. Gibt es [&hellip;]<\/p>\n","protected":false},"author":1,"featured_media":0,"comment_status":"closed","ping_status":"closed","sticky":false,"template":"","format":"standard","meta":{"footnotes":""},"categories":[15],"tags":[],"class_list":["post-5211","post","type-post","status-publish","format-standard","hentry","category-rezensionen-anderer-buecher"],"_links":{"self":[{"href":"https:\/\/iancushing.de\/index.php?rest_route=\/wp\/v2\/posts\/5211","targetHints":{"allow":["GET"]}}],"collection":[{"href":"https:\/\/iancushing.de\/index.php?rest_route=\/wp\/v2\/posts"}],"about":[{"href":"https:\/\/iancushing.de\/index.php?rest_route=\/wp\/v2\/types\/post"}],"author":[{"embeddable":true,"href":"https:\/\/iancushing.de\/index.php?rest_route=\/wp\/v2\/users\/1"}],"replies":[{"embeddable":true,"href":"https:\/\/iancushing.de\/index.php?rest_route=%2Fwp%2Fv2%2Fcomments&post=5211"}],"version-history":[{"count":4,"href":"https:\/\/iancushing.de\/index.php?rest_route=\/wp\/v2\/posts\/5211\/revisions"}],"predecessor-version":[{"id":5218,"href":"https:\/\/iancushing.de\/index.php?rest_route=\/wp\/v2\/posts\/5211\/revisions\/5218"}],"wp:attachment":[{"href":"https:\/\/iancushing.de\/index.php?rest_route=%2Fwp%2Fv2%2Fmedia&parent=5211"}],"wp:term":[{"taxonomy":"category","embeddable":true,"href":"https:\/\/iancushing.de\/index.php?rest_route=%2Fwp%2Fv2%2Fcategories&post=5211"},{"taxonomy":"post_tag","embeddable":true,"href":"https:\/\/iancushing.de\/index.php?rest_route=%2Fwp%2Fv2%2Ftags&post=5211"}],"curies":[{"name":"wp","href":"https:\/\/api.w.org\/{rel}","templated":true}]}}