{"id":677,"date":"2020-04-03T06:09:17","date_gmt":"2020-04-03T06:09:17","guid":{"rendered":"http:\/\/iancushing.de\/?p=677"},"modified":"2025-10-21T17:34:45","modified_gmt":"2025-10-21T15:34:45","slug":"ilona-arfaoui-der-hexenmeister-die-macht-und-die-finsternis","status":"publish","type":"post","link":"https:\/\/iancushing.de\/?p=677","title":{"rendered":"Ilona Arfaoui &#8211; Der Hexenmeister, die Macht und die Finsternis"},"content":{"rendered":"\n<p><a href=\"https:\/\/www.ilonaarfaoui.com\/\">Ilona Arfaoui Homepage<\/a><br><a href=\"https:\/\/www.facebook.com\/ilona.arfaoui\">Ilona Arfaoui Facebook<\/a><\/p>\n\n\n\n<p><strong>Kurzmeinung<\/strong>:&nbsp;<em>Ich betrachte das Buch als ein wunderbar inszeniertes Puzzlespiel und denke, dass \u201eepisch im Quadrat\u201c dem Buch halbwegs zur Ehre gereicht.<\/em>Episch im Quadrat<\/p>\n\n\n\n<p>Nachdem ich&nbsp;<em>Ilona Arfaouis<\/em>&nbsp;Roman &#8222;Der K\u00f6nig der Schatten&#8220; gelesen hatte, war klar, dass ich auch&nbsp;<strong>&#8222;Der Hexenmeister, die Macht und die Finsternis&#8220;&nbsp;<\/strong>lesen muss. Was ich offensichtlich getan habe, denn nun m\u00f6chte ich euch an meinen Gedanken zu dem Buch teilhaben lassen. Und wie immer gilt: das ist meine rein subjektive Meinung.&nbsp;<\/p>\n\n\n\n<p>Zuerst: dicke B\u00fccher sch\u00fcchtern mich ein. Aber sowas von. Aber auch wenn ich aufgrund meines individuellen Leseverhaltens gute drei Monate f\u00fcr den Hexenmeister ben\u00f6tigt habe, war es jede Minute wert! Ich hatte &#8222;Der K\u00f6nig der Schatten&#8220; bereits als episch bezeichnet, aber was soll ich denn dann zu &#8222;Der Hexenmeister, die Macht und die Finsternis&#8220; sagen? Ich denke, dass&nbsp;<strong><em>&#8222;episch im Quadrat&#8220;<\/em><\/strong>&nbsp;dem Buch halbwegs zur Ehre gereicht.<\/p>\n\n\n\n<p><em>Ilona Arfaoui<\/em>&nbsp;schickt den Leser durch die Jahrhunderte, zieht ihn in die Vergangenheit und wieder zur\u00fcck und er\u00f6ffnet ihm Dimensionen, die er niemals kennenlernen m\u00f6chte. Das &#8222;Drau\u00dfen&#8220;, in dem sich die &#8222;gefallenen&#8220; Magier nach ihrem Tod wiederfinden, ist ein beklemmender, erschreckender Ort, dessen Hoffnungslosigkeit sp\u00fcrbar ist.<br>Vielleicht ist es mit der christlichen &#8222;H\u00f6lle&#8220; vergleichbar, auch wenn Drau\u00dfen die M\u00f6glichkeit besteht, dass die Magier, wenn sie genug Macht erlangt haben oder ihnen dieses Geschenk zuteilwird, einen neuen menschlichen K\u00f6rper erhalten und zur\u00fcck auf die Erde d\u00fcrfen. Doch ich habe mir oft gedacht: Wer will das schon? Die jahrhundertealte Schuld, der Hass, die Intrigen werden niemals auf null gesetzt, sondern fr\u00fcher oder sp\u00e4ter wird jeder wiedergekehrte Magier sich seiner Vorleben bewusst und auch die Familienbande bleiben (\u00fcberwiegend) dieselben. In der Familie der Duncans ist das kein Geschenk, das kann ich euch verraten.&nbsp;<\/p>\n\n\n\n<p>Was bei &#8222;Der K\u00f6nig der Schatten&#8220; eher angedeutet wurde, entfaltet sich beim Hexenmeister zu dem zentralen Thema. Die Familienbande, Intrigen, der Hass, die Schuld und die Verzweiflung. Geheimnisse, die jeder aus Angst f\u00fcr sich selbst bewahrt und die die Seele vergiften. Hass, der so gro\u00df und tief ist, obwohl er einer aufrichtigen Liebe entspringt und scheinbar nie wieder umgekehrt werden kann.&nbsp;<\/p>\n\n\n\n<p>Ich betrachte das Buch als ein wunderbar inszeniertes Puzzlespiel.<br>Besonders gelungen ist die Art und Weise, wie der Leser verschiedene (dramatische) Situationen in den verschiedenen Leben der Protagonisten immer wieder aus anderen Perspektiven erlebt und sich ganz langsam ein Bild ergibt, mit dem man nicht gerechnet hatte. Ein sch\u00f6nes Beispiel ist Guy Macenays (alias Cahal aus &#8222;Der K\u00f6nig der Schatten&#8220;) Zeit im Kerker. Die Szene aus verschiedenen Perspektiven zu erleben und zu sehen, welche Emotionen, Gef\u00fchle und Gedanken den jeweiligen Protagonisten umtreiben, war f\u00fcr mich sehr intensiv! Die (meisten) Magier im Orden haben tonnenweise Schuld auf sich geladen und doch ist die Sicht- und Erz\u00e4hlweise entscheidend, ob man mit Guy mitf\u00fchlt oder ihn ins Niemandsland w\u00fcnscht (und beides werdet ihr gegen euren Willen tun!) und genau darin liegt eine der besonderen St\u00e4rken des Buchs!<br>Ich pers\u00f6nlich sehe mich und meine Ansicht best\u00e4tigt, dass nicht nur eine einzelne, allgemeing\u00fcltige Wahrheit im Leben existiert, sondern jeder spezielle Gr\u00fcnde f\u00fcr sein Handeln hat, die ihn zu bestimmten Taten treiben; unabh\u00e4ngig davon, ob diese Gr\u00fcnde redlich sind oder andere diese Gr\u00fcnde nachvollziehen k\u00f6nnen.\u00a0<\/p>\n\n\n\n<figure class=\"wp-block-image size-large\"><img loading=\"lazy\" decoding=\"async\" width=\"1024\" height=\"1024\" src=\"https:\/\/iancushing.de\/wp-content\/uploads\/2021\/09\/Ilona-Arfaoui-Der-Hexenmeister-die-Macht-und-die-Finsternis-1024x1024.png\" alt=\"\" class=\"wp-image-3586\" srcset=\"https:\/\/iancushing.de\/wp-content\/uploads\/2021\/09\/Ilona-Arfaoui-Der-Hexenmeister-die-Macht-und-die-Finsternis-1024x1024.png 1024w, https:\/\/iancushing.de\/wp-content\/uploads\/2021\/09\/Ilona-Arfaoui-Der-Hexenmeister-die-Macht-und-die-Finsternis-300x300.png 300w, https:\/\/iancushing.de\/wp-content\/uploads\/2021\/09\/Ilona-Arfaoui-Der-Hexenmeister-die-Macht-und-die-Finsternis-150x150.png 150w, https:\/\/iancushing.de\/wp-content\/uploads\/2021\/09\/Ilona-Arfaoui-Der-Hexenmeister-die-Macht-und-die-Finsternis-768x768.png 768w, https:\/\/iancushing.de\/wp-content\/uploads\/2021\/09\/Ilona-Arfaoui-Der-Hexenmeister-die-Macht-und-die-Finsternis-210x210.png 210w, https:\/\/iancushing.de\/wp-content\/uploads\/2021\/09\/Ilona-Arfaoui-Der-Hexenmeister-die-Macht-und-die-Finsternis.png 1080w\" sizes=\"auto, (max-width: 980px) 100vw, 980px\" \/><\/figure>\n\n\n\n<p>Grandios ist es&nbsp;<em>Ilona Arfaoui<\/em>&nbsp;gelungen, auch historische Personen und Ereignisse in ihr Buch aufzunehmen und mit ihrer Fiktion zu vereinen. In Gilles de Rais hat Ilona eine perfekte historische Figur gefunden, denn die widerw\u00e4rtigen Taten loten die Abgr\u00fcnde der menschlichen Seele extrem aus und sind wirklich nicht leicht verdaulich. Tja, und dann ist dieser Gilles de Rais dazu verdammt, immer und immer wieder und unendlich mit dem Wissen seiner Taten zu existieren, was in meinen Augen eine akzeptable Strafe darstellen w\u00fcrde, w\u00e4re er nicht so ein unangenehmer Zeitgenosse f\u00fcr seine Umgebung.&nbsp;<\/p>\n\n\n\n<p>Wundervoll fand ich auch den Teil, in dem Lawrence Duncan seinem Sohn \u00fcber die Geschehnisse berichtet, die wir in &#8222;Der K\u00f6nig der Schatten&#8220; en detail erleben durften, denn es entstanden sofort die Bilder im Kopf, die ich beim Lesen des Buches hatte. Das war wirklich gelungen und ich wunder mich nicht, dass Ilona gerade diesen Teil genommen hat, um ihn ausf\u00fchrlich zu erz\u00e4hlen. Durch&nbsp;<strong>&#8222;Der Hexenmeister, die Macht und die Finsternis&#8220;<\/strong>&nbsp;werden auch hier Geschehnisse vertieft und die Beweggr\u00fcnde der einzelnen Personen deutlich.&nbsp;<\/p>\n\n\n\n<p>Ilonas Stil ist toll und ich bin jeden Abend tief in den Welten und der Geschichte versunken. Sie schreibt gro\u00dfartig und findet immer die richtigen Worte, um dich zu schockieren oder zum Staunen oder gar zum Lachen zu bringen. Bereits der Anfang des Buches, in dem wir den Duncans auf &#8222;Terra Finis&#8220; (in den Jahren 1917 bis 1923) begegnen, ist so intensiv und d\u00fcster, dass er perfekt auf den Rest des Buches einstimmt. &nbsp;<\/p>\n\n\n\n<p>Ich gebe aber auch zu, dass ich an manchen Stellen teilweise den Faden verloren habe, wenn sich mir nicht auf den ersten Blick zum Beispiel die Zeit erschlossen hatte, in der sich der Geschichte fortsetzte. Ab und an springt man von einem Satz auf den anderen zwischen dem Drau\u00dfen und der realen Welt und in den Zeiten und das war f\u00fcr mich mitunter herausfordernd. Auch die verschiedenen Namen der Personen, und besonders, wenn nur deren &#8222;politischen&#8220; Bezeichnungen benutzt wurden, verwirrten mich. Dank Ilona finden wir aber ein Glossar im Anhang, in dem ich immer wieder gebl\u00e4ttert habe, um mich schnell wieder in die Spur zu bringen. Aber das sind (aus meiner Sicht) die einzigen Makel, den ich in diesem epischen Werk finden konnte und das darf man getrost als &#8222;Jammern auf hohem Niveau&#8220; verbuchen und ist sicher meinen sonstigen Lesegewohnheiten oder auch kognitiven F\u00e4higkeiten geschuldet.&nbsp;<\/p>\n\n\n\n<p>Wie auch in &#8222;Der K\u00f6nig der Schatten&#8220; liegt mit&nbsp;<strong>&#8222;Der Hexenmeister, die Macht und die Finsternis&#8220;<\/strong>&nbsp;ein &#8222;Phantastischer Roman&#8220; vor, der aber nicht in die Klischeefalle der typischen Fantasyliteratur tappt und in dem es wieder keine Drachen, Einh\u00f6rner und funkenspr\u00fchende Zauberst\u00e4be gibt. Nimmt man sich bestimmte Aspekte der Geschichte und besch\u00e4ftigt sich mit ihnen, ist es vielmehr eine Allegorie auf das Leben und menschliches Verhalten. Ganz gro\u00dfes Kino, meine Freunde!<\/p>\n\n\n\n<p>Ich bin mehr als gl\u00fccklich, dass&nbsp;<em>Ilona Arfaoui<\/em>&nbsp;im Moment an einem neuen Roman schreibt, der die Geschichte fortf\u00fchren wird und ich wei\u00df, dass ich ihn mir definitiv holen werde, denn die Geschichten von Ilona sind anders und besonders.&nbsp;<\/p>\n\n\n\n<p>Fazit: Ein gro\u00dfartiges Epos, welches uns durch Zeit und Raum katapultiert.&nbsp;<\/p>\n\n\n\n<p><a href=\"https:\/\/www.lovelybooks.de\/autor\/Ilona-Sonja-Arfaoui\/Der-Hexenmeister-die-Macht-und-die-Finsternis-1283449285-w\/\">https:\/\/www.lovelybooks.de\/autor\/Ilona-Sonja-Arfaoui\/Der-Hexenmeister-die-Macht-und-die-Finsternis-1283449285-w\/<\/a><\/p>\n\n\n\n<p><em>[Es handelt sich bei &#8222;Meinen Gedanken zu anderen B\u00fcchern&#8220; stets um meine rein subjektive Meinung als Leser und ich schreibe sie auf, weil mir danach ist. Das geschieht rein freiwillig.]<\/em><\/p>\n","protected":false},"excerpt":{"rendered":"<p>Ilona Arfaoui HomepageIlona Arfaoui Facebook Kurzmeinung:&nbsp;Ich betrachte das Buch als ein wunderbar inszeniertes Puzzlespiel und denke, dass \u201eepisch im Quadrat\u201c dem Buch halbwegs zur Ehre gereicht.Episch im Quadrat Nachdem ich&nbsp;Ilona Arfaouis&nbsp;Roman &#8222;Der K\u00f6nig der Schatten&#8220; gelesen hatte, war klar, dass ich auch&nbsp;&#8222;Der Hexenmeister, die Macht und die Finsternis&#8220;&nbsp;lesen muss. Was ich offensichtlich getan habe, denn [&hellip;]<\/p>\n","protected":false},"author":1,"featured_media":0,"comment_status":"closed","ping_status":"open","sticky":false,"template":"","format":"standard","meta":{"footnotes":""},"categories":[15],"tags":[],"class_list":["post-677","post","type-post","status-publish","format-standard","hentry","category-rezensionen-anderer-buecher"],"_links":{"self":[{"href":"https:\/\/iancushing.de\/index.php?rest_route=\/wp\/v2\/posts\/677","targetHints":{"allow":["GET"]}}],"collection":[{"href":"https:\/\/iancushing.de\/index.php?rest_route=\/wp\/v2\/posts"}],"about":[{"href":"https:\/\/iancushing.de\/index.php?rest_route=\/wp\/v2\/types\/post"}],"author":[{"embeddable":true,"href":"https:\/\/iancushing.de\/index.php?rest_route=\/wp\/v2\/users\/1"}],"replies":[{"embeddable":true,"href":"https:\/\/iancushing.de\/index.php?rest_route=%2Fwp%2Fv2%2Fcomments&post=677"}],"version-history":[{"count":4,"href":"https:\/\/iancushing.de\/index.php?rest_route=\/wp\/v2\/posts\/677\/revisions"}],"predecessor-version":[{"id":3587,"href":"https:\/\/iancushing.de\/index.php?rest_route=\/wp\/v2\/posts\/677\/revisions\/3587"}],"wp:attachment":[{"href":"https:\/\/iancushing.de\/index.php?rest_route=%2Fwp%2Fv2%2Fmedia&parent=677"}],"wp:term":[{"taxonomy":"category","embeddable":true,"href":"https:\/\/iancushing.de\/index.php?rest_route=%2Fwp%2Fv2%2Fcategories&post=677"},{"taxonomy":"post_tag","embeddable":true,"href":"https:\/\/iancushing.de\/index.php?rest_route=%2Fwp%2Fv2%2Ftags&post=677"}],"curies":[{"name":"wp","href":"https:\/\/api.w.org\/{rel}","templated":true}]}}