{"id":880,"date":"2020-07-16T09:42:44","date_gmt":"2020-07-16T09:42:44","guid":{"rendered":"http:\/\/iancushing.de\/?p=880"},"modified":"2025-10-21T17:34:21","modified_gmt":"2025-10-21T15:34:21","slug":"07-2020-zu-besuch-bei-skoutz","status":"publish","type":"post","link":"https:\/\/iancushing.de\/?p=880","title":{"rendered":"07\/2020 &#8211; Zu Besuch bei &#8230; (Skoutz)"},"content":{"rendered":"\n<p><a href=\"https:\/\/skoutz.de\/\">Skoutz &#8211; Homepage<\/a><br><a href=\"https:\/\/www.facebook.com\/SkoutzAward\">Skoutz &#8211; Facebook<\/a><br><a href=\"https:\/\/www.instagram.com\/skoutzmagazin\/\">Skoutz &#8211; Instagram<\/a><\/p>\n\n\n\n<p><em>Die zauberhafte Martina vom <a href=\"https:\/\/www.facebook.com\/SkoutzAward\/?__tn__=K-R&amp;eid=ARBR-aqEvvMj6JSdymFhJgXi1csuXppwNqIPB6mkBOaWFWGVn6FkkJn0tQkLf2Ta-RJMG2o-FFSZyZEf&amp;fref=mentions&amp;__xts__%5B0%5D=68.ARBfR1iBICfhHdvXj8sDz2pEoYtO-oUkBC0LV4YtipcMVpV4fq993R2MsJfSo15jPkt1pPaoMSPYS6jo65naIkkABIgloJIavUoeBc-9RMofLpaoWtYpidS6SU6akax_9Sx2VMU3n5_p3_Zp7Yi6KJ8cVvfzrDgaa7c7f4onskX_Myy6VOpj6VMB8gRTJEulT5ejMInNvEAg_7EYas7rninl1xIVJ8B8cW1oaIrNSpUT-U4MCnPmE4h2E3Id5dXib2EpSGZ32Ogla7LJZXAVrxf5X0AsmR-tvv4msF64pSNmv-14UvEXkRCIZSbxF1uxhCW8PitThJyO4RN2EPTkA26J-iuhHcedLD5r7TD1HbCbXYPFOF_8A4IGqJnvCJWsL5IqVbyqj3G8pTSPlystdZUpe4ry265qnLa_nb-1929UsmnLgv8ELBdpturptcM34JT8vgrcYzZXU7QPVGkfK3zUnGhdWRxeRMCyVHbrOTXOUFXkC5SOu50\">Skoutz-Award<\/a> hat mich letztens in Pfuhlenbeck besucht! Was f\u00fcr ein dufter Tag! Nach einem K\u00e4ffchen zum Kennenlernen habe ich ihr die Schaupl\u00e4tze meiner Geschichten gezeigt und wir haben ordentlich geschnackt. Dabei ist dieses tolle Interview entstanden. <br>Danke an den Skoutz-Award und Martina f\u00fcr ihren Support! Es war mir eine unglaubliche Freude!<\/em><\/p>\n\n\n\n<h2 class=\"wp-block-heading\"><strong>Zu Besuch bei Ian Cushing, der nach Dinosauriern f\u00fcr den Weltfrieden verlangt \u2026<\/strong><\/h2>\n\n\n\n<p class=\"has-text-color has-vivid-purple-color\">Um Ian Cushing zu treffen, muss ich mit dem Skoutz-Kauz nicht nach Baltimore reisen, wo der Autor vor einigen Jahren geboren wurde, sondern ins sch\u00f6ne S\u00fcdniedersachsen. Ich bin schon sehr gespannt, was mich bei ihm alles erwarten wird. Um meine Neugier ein wenig zu stillen und mich auf das Interview vorzubereiten, habe ich nat\u00fcrlich schon mal ein bisschen recherchiert. Dabei habe ich herausgefunden, dass er einen ziemlich erlesenen Lesegeschmack hat. Neben Stephen King z\u00e4hlen auch Edgar Allan Poe, H.P. Lovecraft, Sir Arthur Conan Doyle, Charles Bukowski, aber auch Hermann Hesse, Albert Camus oder Jean-Paul Sartre zu seinen Lieblingsautoren. Mal sehen, welche Details ich ihm mit meinen Fragen noch so entlocken kann \u2026<\/p>\n\n\n\n<h2 class=\"wp-block-heading\"><strong>Wie w\u00fcrdest du dich in einem Wort beschreiben?<\/strong><\/h2>\n\n\n\n<p>Verzeiht, aber das ist unm\u00f6glich f\u00fcr mich.<\/p>\n\n\n\n<p class=\"has-text-color has-text-align-center has-vivid-purple-color\"><em>Ach, da gibt es doch nichts zu verzeihen. Im Gegenteil, ich bin neugierig, was du mir stattdessen antwortest. Also, wie w\u00fcrdest du dich beschreiben? <\/em><br><em>Ohne Wortanzahlbegrenzung <\/em>&#8230;<\/p>\n\n\n\n<p>Je nach Tagesform und Stimmung k\u00f6nnte hier jetzt stehen: knuddelig, angefressen, nachdenklich, bl\u00f6dsinnig, feige, mutig, hungrig, satt, \u00fcberfordert, unterfordert, lustig, traurig.<br>Sucht euch einfach was aus, was gerade zu euch passt. Verdammt, bereits an der ersten Aufgabe gescheitert \u2026 wo soll das noch hinf\u00fchren?<\/p>\n\n\n\n<p class=\"has-text-color has-text-align-center has-vivid-purple-color\"><em>Ich glaube, es wird ziemlich interessant. Au\u00dferdem ist das hier doch kein Test!<\/em><\/p>\n\n\n\n<h2 class=\"wp-block-heading\"><strong>Beruf oder Berufung \u2013 was macht dir an deinem Job als Autor am meisten Spa\u00df?&nbsp;<\/strong><\/h2>\n\n\n\n<p>Am meisten Spa\u00df macht mir nat\u00fcrlich das Schreiben an sich und wenn aus einer fixen Idee eine Geschichte entsteht. Das Eintauchen in die selbsterfundene Welt, in die K\u00f6pfe und Seelen der Figuren und das Spazieren durch den Welten, die man erfindet, hat durchaus etwas von Magie f\u00fcr mich.<\/p>\n\n\n\n<p class=\"has-text-color has-text-align-center has-vivid-purple-color\"><em>Das klingt, so sch\u00f6n du das auch formuliert hast, nach einem Aber \u2026<\/em><\/p>\n\n\n\n<p>Aber leider macht dieser wundervolle kreative Prozess nur einen kleinen Teil des Hobbys aus.&nbsp;<\/p>\n\n\n\n<p class=\"has-text-color has-text-align-center has-vivid-purple-color\"><em>Wohl wahr \u2026<\/em><\/p>\n\n\n\n<h2 class=\"wp-block-heading\"><strong>Wann hast du dein erstes Buch ver\u00f6ffentlicht und wie lange hast du daran geschrieben?<\/strong><\/h2>\n\n\n\n<p>Das erste Buch \u201cF\u00fcnf Minuten\u201d habe ich im Juni 2017 ver\u00f6ffentlicht.<\/p>\n\n\n\n<p class=\"has-text-color has-text-align-center has-vivid-purple-color\"><em>Wie lange hast du daf\u00fcr gebraucht?<\/em><\/p>\n\n\n\n<p>Es war das Tagebuch eines namenlosen Protagonisten, und ich kann nicht mehr sagen, wie lange ich daran geschrieben habe. Aber ich wei\u00df, dass es sich quasi von selbst erz\u00e4hlt hat und in einer sehr kurzen Zeit entstanden ist.&nbsp;<\/p>\n\n\n\n<p class=\"has-text-color has-text-align-center has-vivid-purple-color\"><em>Klingt, als h\u00e4tte die Story zu Papier gebracht werden wollen \u2026<\/em><\/p>\n\n\n\n<p>Ich m\u00f6chte noch anmerken, dass \u201cF\u00fcnf Minuten\u201d sp\u00e4ter ein wichtiger Bestandteil von \u201cIn Ewigkeit\u201d wurde, darin enthalten und somit nicht mehr separat erh\u00e4ltlich ist.<\/p>\n\n\n\n<h2 class=\"wp-block-heading\"><strong>Wie l\u00e4uft ein typischer Tag als Autor bei dir ab?<\/strong><\/h2>\n\n\n\n<p>Ich bin wohl die Routine&nbsp; \u2013 aka Langeweile \u2013 in Person. Unter der Woche gehe ich nach der Arbeit meist noch ein, zwei Stunden schreiben oder was auch immer so anf\u00e4llt. An den Wochenenden geht es nach dem Fr\u00fchst\u00fcck in mein Schreibzimmer und ich versuche, tags\u00fcber zu schreiben wie es die Tagesform zul\u00e4sst.&nbsp;<\/p>\n\n\n\n<p class=\"has-text-color has-text-align-center has-vivid-purple-color\"><em>Und dann schreibst du konzentriert drauflos?<\/em><\/p>\n\n\n\n<p>Nicht unbedingt. Oft sind es aber auch andere Aufgaben, wie Layouten, Planen, Recherchieren, aber auch die soziale Kontaktpflege oder niedliche Tiervideos, mit denen ich diese Stunden f\u00fclle, denn ich geh\u00f6re (leider) zu denen, die nicht auf Knopfdruck schreiben k\u00f6nnen.&nbsp;<\/p>\n\n\n\n<p class=\"has-text-color has-vivid-purple-color\"><em>*grins* Ich muss gestehen, ich h\u00e4tte nicht erwartet, dass du zur Fraktion Niedliche-Katzenvideo-Prokrastinierer geh\u00f6rst \u2026 Sehr charmant \u2026<\/em><\/p>\n\n\n\n<h2 class=\"wp-block-heading\"><strong>Das Jahr 2020 stellt uns alle vor neue Herausforderungen. Wie sehr beeinflusst Corona deinen Schreiballtag?<\/strong><\/h2>\n\n\n\n<p>Das ist recht einfach zu beantworten: Corona beeinflusst meinen Schreiballtag kaum.<\/p>\n\n\n\n<p class=\"has-text-color has-text-align-center has-vivid-purple-color\"><em>Kaum ist relativ. Kannst du mir das ein wenig genauer ausf\u00fchren?<\/em><\/p>\n\n\n\n<p>Lediglich die Kontaktbeschr\u00e4nkungen sorgen daf\u00fcr, dass ich am Wochenende noch mehr Zeit habe zu schreiben, da die anderen Aktivit\u00e4ten momentan wegfallen.&nbsp;<\/p>\n\n\n\n<p class=\"has-text-color has-text-align-center has-vivid-purple-color\"><em>Oder Tiervideos zu schauen \u2026 Entschuldige, das war gemein &#8230; Bitte erz\u00e4hl weiter \u2026<\/em><\/p>\n\n\n\n<p>Ge\u00e4ndert hat sich f\u00fcr mich als Autor schlicht und ergreifend gar nichts. Ich w\u00e4re z.B. nicht auf den Buchmessen pr\u00e4sent gewesen, die leider abgesagt werden mussten, und daher auch nur indirekt betroffen. Aber vielleicht hat ja der eine oder die andere in der Zeit mein Buch gehamstert und strenggenommen w\u00e4re das ja sogar ein positiver Effekt.&nbsp;<\/p>\n\n\n\n<h2 class=\"wp-block-heading\"><strong>Kreativ oder doch eher regeltreu? Wie flexibel bist du beim Schreiben?&nbsp;<\/strong><\/h2>\n\n\n\n<p>Wenn \u201cregeltreu\u201d bedeutet, dass wir den Ratgeber \u201cWie schreibe ich einen Bestseller, der allen gef\u00e4llt\u201d lesen und dann ganz \u201ckreativ\u201d loslegen, m\u00f6chte ich als Autor nichts damit zu tun haben. \u201cRegeltreu\u201d finde ich in den Bestsellerlisten genug und das ist auch gut so.&nbsp;<\/p>\n\n\n\n<p class=\"has-text-color has-text-align-center has-vivid-purple-color\"><em>Und was trifft auf dich zu?<\/em><\/p>\n\n\n\n<p>Als ich angefangen habe zu schreiben, war nicht mein Ziel, als Autor Regeln zu befolgen und \u201cden Markt\u201d zu bedienen. Nat\u00fcrlich gibt es allgemeing\u00fcltige Regeln, die man auf ganz nat\u00fcrliche Weise befolgt, aber die sollten niemals die Kreativit\u00e4t und die Umsetzung der Geschichten beeinflussen.&nbsp;<\/p>\n\n\n\n<p>Ich m\u00f6chte nicht, dass die Antwort missverstanden wird oder \u00fcberheblich klingt, denn es ist wirklich schwer, ein <em>gutes<\/em> Buch (was immer das f\u00fcr jeden einzelnen Leser bedeutet) zu schreiben, aber die intensivsten Leseerlebnisse habe ich, wenn die Autoren mit Regeln und Konventionen brechen, sich ausleben, ihre Gedanken, Fantasien und Emotionen tanzen lassen. Oder ganz einfach: anders sind. Oder noch besser: sie selbst sind.<\/p>\n\n\n\n<p class=\"has-text-color has-text-align-center has-vivid-purple-color\"><em>Da stimme ich dir absolut zu und viele gro\u00dfe Klassiker sind nur solche geworden, eben weil sie auch mal mit den Regeln gebrochen haben. Wie sieht es mit der Flexibilit\u00e4t aus?<\/em><\/p>\n\n\n\n<p>Flexibel muss ein Autor eindeutig sein, denn jede Geschichte fordert ihn heraus. Sie verlangt von ihm, in einem bestimmten Stil und Ton und aus einer bestimmten Perspektive erz\u00e4hlt zu werden und darauf muss man sich einlassen, sonst verschwindet sie wieder.&nbsp;<\/p>\n\n\n\n<h2 class=\"wp-block-heading\"><strong>Welches war dein erstes selbstgelesenes Buch? Und hast du es heute noch?<\/strong><\/h2>\n\n\n\n<p>Fr\u00fcher habe ich sehr viel gelesen (wir hatten ja sonst nichts!), \u2026<\/p>\n\n\n\n<p class=\"has-text-color has-text-align-center has-vivid-purple-color\"><em>*schmunzel*<\/em><\/p>\n\n\n\n<p>\u2026 aber an das erste Buch kann ich mich nicht mehr wirklich erinnern. Dennoch gibt es ein sehr wichtiges Buch f\u00fcr mich, welches mich in der Kindheit sehr gepr\u00e4gt hat.<\/p>\n\n\n\n<p class=\"has-text-color has-text-align-center has-vivid-purple-color\"><em>Verr\u00e4tst du mir, welches?<\/em><\/p>\n\n\n\n<p>Es war ein Band von Wilhelm Busch, in dem nat\u00fcrlich seine bekannten Bildergeschichten, aber auch Texte zu finden waren. Selbstverst\u00e4ndlich erg\u00f6tzte ich mich als kleiner Steppke ausschlie\u00dflich an den Bildergeschichten.&nbsp;<\/p>\n\n\n\n<p class=\"has-text-color has-text-align-center has-vivid-purple-color\"><em>Steht das Buch heute noch in deinem Regal?<\/em><\/p>\n\n\n\n<p>Das Buch geh\u00f6rte meinen Gro\u00dfeltern und ich schm\u00f6kerte immer darin, wenn ich bei ihnen war. Lange Zeit sp\u00e4ter habe ich meine Oma nach dem Buch gefragt, aber sie vermutete, dass es vor Jahren bei einem Hochwasser zerst\u00f6rt worden w\u00e4re, da sie es seit Ewigkeiten nicht mehr gesehen hatte. Umso gr\u00f6\u00dfer war meine Freude, als sie mir eines Tages freudestrahlend dieses Buch geschenkt hat, weil es eben nicht im Hochwasser abhandengekommen war, sondern sich auf dem Dachboden versteckt hatte. Kluges Buch!&nbsp;<\/p>\n\n\n\n<h2 class=\"wp-block-heading\"><strong>Stell dir vor, du k\u00f6nntest eine beliebige Figur aus einem Buch zum Essen treffen. Was w\u00fcrde passieren?&nbsp;<\/strong><\/h2>\n\n\n\n<p>Ich w\u00fcrde Harry Haller zum Essen einladen.<\/p>\n\n\n\n<p class=\"has-text-color has-text-align-center has-vivid-purple-color\"><em>\u201cDer Steppenwolf\u201d von Hermann Hesse also. Was w\u00fcrdest du mit ihm erleben wollen?<\/em><\/p>\n\n\n\n<p>Vermutlich kehren wir im Restaurant <em>Zum Schwarzen Adler<\/em> ein und w\u00fcrden bei gutem Essen, Bier und Wein \u00fcber das Menschsein sprechen. Mich interessiert, wie es ihm <em>danach<\/em> ergangen ist; ob die Lektion nachhaltig war; wie er jetzt mit dem Leben zurechtkommt und was er mir f\u00fcr weitere Ratschl\u00e4ge geben w\u00fcrde.&nbsp;<\/p>\n\n\n\n<p class=\"has-text-color has-text-align-center has-vivid-purple-color\"><em>Klingt spannend \u2026<\/em><\/p>\n\n\n\n<p>Mit ein wenig Gl\u00fcck nimmt er mich vielleicht sogar zum Abschluss des Tages in das <em>Magische Theater<\/em> mit. Der Eintritt ist nicht f\u00fcr jedermann, sondern nur f\u00fcr Verr\u00fcckte und kostet den Verstand. Voraussetzungen, die ich erf\u00fclle und ein Preis, den ich bereit bin zu zahlen.&nbsp;<\/p>\n\n\n\n<h2 class=\"wp-block-heading\"><strong>Auf welche Frage hattest du in letzter Zeit keine Antwort und hast du sie finden k\u00f6nnen?<\/strong><\/h2>\n\n\n\n<p>Neue Erkenntnisse haben mich in letzter Zeit eigentlich nicht ereilt, aber ich muss mir manche Dinge immer wieder bewusstmachen.&nbsp;<\/p>\n\n\n\n<p class=\"has-text-color has-text-align-center has-vivid-purple-color\"><em>Zum Beispiel?<\/em><\/p>\n\n\n\n<p>Wenn man so viel Gl\u00fcck mit seinem Hobby hat wie ich, ver\u00e4ndert sich der Fokus ganz unweigerlich, und man muss ab und zu anhalten, um den inneren Kompass neu zu justieren. Warum schreibe ich? Wer bin ich? Wo will ich hin? F\u00fcr wen schreibe ich und wie gesund ist es, wenn ich mir \u00fcber eventuelle Erwartungen anderer Gedanken mache?&nbsp;<\/p>\n\n\n\n<p class=\"has-text-color has-text-align-center has-vivid-purple-color\"><em>Und?<\/em><\/p>\n\n\n\n<p>Ich muss mir die (durchaus bekannten) Antworten auf diese Fragen alle paar Monate wieder selbst geben, weil sie durch das Drumherum manchmal versch\u00fcttet werden.&nbsp;<\/p>\n\n\n\n<p class=\"has-text-color has-text-align-center has-vivid-purple-color\"><em>Ist das nicht bei vielen klugen Antworten so? <\/em><br><em>Dass man sie sich immer wieder neu erdenken muss?<\/em><\/p>\n\n\n\n<h2 class=\"wp-block-heading\"><strong>Wie oft schaust du t\u00e4glich auf dein Handy?<\/strong><\/h2>\n\n\n\n<p>Viel zu oft.<\/p>\n\n\n\n<p class=\"has-text-color has-text-align-center has-vivid-purple-color\"><em>Das ist immer relativ. Was hei\u00dft das genau?<\/em><\/p>\n\n\n\n<p>Dieses Ding ist an meiner Hand scheinbar festgewachsen. Ich versuche es tats\u00e4chlich momentan zu reduzieren, aber dieses kleine Ger\u00e4t hat das Leben so kompakt gemacht, dass ich gar nicht mehr ohne kann. Ich bem\u00fche mich, die Abst\u00e4nde gr\u00f6\u00dfer werden zu lassen, um die Sucht und den Informationsoverkill in den Griff zu bekommen.<\/p>\n\n\n\n<h2 class=\"wp-block-heading\"><strong>Was darf in deinem K\u00fchlschrank niemals fehlen?<\/strong><\/h2>\n\n\n\n<p>Mein allabendlicher Joghurt oder Schokopudding, der mir die gem\u00fctlichen Stunden auf der Couch vers\u00fc\u00dft.<\/p>\n\n\n\n<p class=\"has-text-color has-text-align-center has-vivid-purple-color\"><em>Oh, das klingt ja fast nach einem festen Ritual. Gibt es noch etwas, das nicht fehlen sollte?<\/em><\/p>\n\n\n\n<p>Es kann auch nicht schaden, wenn man stets ein k\u00fchles Bier griffbereit hat.&nbsp;<\/p>\n\n\n\n<h2 class=\"wp-block-heading\"><strong>F\u00fcr welche drei Dinge in deinem Leben bist du am dankbarsten?<\/strong><\/h2>\n\n\n\n<p>F\u00fcr meine Frau, Familie und Freunde.<\/p>\n\n\n\n<p>Ich bin sehr dankbar, dass Karmazid sich immer wieder bereit erkl\u00e4rt, f\u00fcr die Cover meiner B\u00fccher den Stift zu schwingen. Durch seine Kunst werden meine Visionen erst vervollst\u00e4ndigt.&nbsp;<\/p>\n\n\n\n<p>Und zu guter Letzt nat\u00fcrlich, dass ich den Mut hatte, mit meinen B\u00fcchern an die \u00d6ffentlichkeit zu gehen und durch die Leser, Blogger und Kollegen so viel positives Feedback erfahren durfte.&nbsp;<\/p>\n\n\n\n<h2 class=\"wp-block-heading\"><strong>Zeitreisen \u2013 ein spannendes Mysterium. Bei welchem historischen Ereignis w\u00e4rst du gern dabei gewesen und warum?<\/strong><\/h2>\n\n\n\n<p>Ganz spontan w\u00fcrde ich sagen: Beamt mich nach San Francisco und lasst mich dort am 07. M\u00e4rz 1967 landen.<\/p>\n\n\n\n<p class=\"has-text-color has-text-align-center has-vivid-purple-color\"><em>Ein pr\u00e4zises Datum. Jetzt bin ich nat\u00fcrlich neugierig, was du dort erleben m\u00f6chtest \u2026<\/em><\/p>\n\n\n\n<p>Dann pilgere ich in den Club <em>The Matrix<\/em> und schau mir die drei Shows von <em>The Doors<\/em> an. Sie hatten im Januar des Jahres ihre erste Single <em>(\u201cBreak on through\u201d)<\/em> ver\u00f6ffentlicht und der Durchbruch war noch nicht geschafft. Aber sie waren so unglaublich gut \u2026 wild, frei, poetisch und virtuos. Eine geniale Band.&nbsp;<\/p>\n\n\n\n<p class=\"has-text-color has-text-align-center has-vivid-purple-color\"><em>Absolut \u2026<\/em><\/p>\n\n\n\n<p>Sollte eure Zeitmaschine nach der Landung defekt sein, w\u00e4re ich nicht allzu traurig, denn die Band spielte einige Tage in Folge in in dem Ort und ich denke, ich k\u00f6nnte es eine Woche lang in San Francisco bei Milchshakes und Burgern und aufregender Musik ziemlich gut aushalten.&nbsp;<\/p>\n\n\n\n<p class=\"has-text-color has-text-align-center has-vivid-purple-color\"><em>Joa. Nachdem du offenbar Doors-Experte bist, passt die n\u00e4chste Frage ja perfekt \u2026<\/em><\/p>\n\n\n\n<h2 class=\"wp-block-heading\"><strong>\u00dcber welches Thema k\u00f6nntest du eine 30-min\u00fctige Pr\u00e4sentation halten, ohne jede Vorbereitung?<\/strong><\/h2>\n\n\n\n<p>Also, ich kann aus dem Stegreif eine 90-min\u00fctige Pr\u00e4sentation \u00fcber The Doors halten, ohne mich vorbereiten zu m\u00fcssen.<\/p>\n\n\n\n<p class=\"has-text-color has-text-align-center has-vivid-purple-color\"><em>Ich w\u00fcnschte, ich h\u00e4tte mehr Zeit mitgebracht \u2026\u00a0<\/em><\/p>\n\n\n\n<p>60 Minuten f\u00fclle ich ohne Probleme mit Einblicken, Hintergr\u00fcnden und Anekdoten aus dem Selfpublishing und wie es <em>wirklich<\/em> ist, wenn man auf eigene Faust ein Buch ver\u00f6ffentlicht. Nat\u00fcrlich ist dieser Vortrag rein subjektiv und pers\u00f6nlich und d\u00fcrfte eine tragikomische Veranstaltung werden.<\/p>\n\n\n\n<p class=\"has-text-color has-text-align-center has-vivid-purple-color\"><em>Und wenn du dich wirklich auf eine halbe Stunde beschr\u00e4nken musst?\u00a0<\/em><\/p>\n\n\n\n<p>Den gew\u00fcnschten 30-min\u00fctigen Monolog halte ich \u00fcber Dino Buzzati und warum ich denke, dass er ein vollkommen unterbewerteter Autor zu sein scheint. Das 10-min\u00fctige, emotionale Schlusspl\u00e4doyer wird sich ausschlie\u00dflich mit dem Aufruf besch\u00e4ftigen, dass sich endlich mal ein Verlag um das Gesamtwerk des Autors k\u00fcmmern sollte.<\/p>\n\n\n\n<p class=\"has-text-color has-text-align-center has-vivid-purple-color\">\u00a0<em>Wir buchen dich mal f\u00fcr einen Workshop! Das klingt unterhaltsam.<\/em><\/p>\n\n\n\n<h2 class=\"wp-block-heading\"><strong>Was w\u00fcrdest du r\u00fcckwirkend \u00e4ndern, wenn du die M\u00f6glichkeit dazu h\u00e4ttest?<\/strong><\/h2>\n\n\n\n<p>Pers\u00f6nlich?<\/p>\n\n\n\n<p class=\"has-text-color has-text-align-center has-vivid-purple-color\"><em>Ja.<\/em><\/p>\n\n\n\n<p>Nichts! Alles, was in meinem Leben geschehen ist (ob gut oder schlecht), hat mich zu diesem Moment gef\u00fchrt, an dem ich f\u00fcr den <a href=\"http:\/\/skoutz.de\/skoutz-award\/\">Skoutz-Award<\/a> ein Interview f\u00fchren darf, B\u00fccher ver\u00f6ffentlicht habe und ver\u00f6ffentlichen werde, Menschen gefunden habe, die mein Leben bereichern.<\/p>\n\n\n\n<p class=\"has-text-color has-text-align-center has-vivid-purple-color\"><em>Oh, danke, wir f\u00fchlen uns geehrt *rot werd* Ich freue mich auch, mit dir plaudern zu d\u00fcrfen.<\/em><\/p>\n\n\n\n<p>Historisch gesehen? Ich h\u00e4tte die Dinosaurier nicht aussterben lassen. W\u00e4re doch spannend zu sehen, wie sich alles entwickelt h\u00e4tte, wenn die Menschheit sich mit einer kr\u00e4ftigeren Spezies arrangieren m\u00fcsste. Huch! Habe ich gerade eine Idee f\u00fcr eine Geschichte gehabt?<\/p>\n\n\n\n<p class=\"has-text-color has-text-align-center has-vivid-purple-color\"><em>Vielleicht. Klingt aber echt spannend \u2026<\/em><\/p>\n\n\n\n<h2 class=\"wp-block-heading\"><strong>Was w\u00fcnschst du dir f\u00fcr die Zukunft?<\/strong><\/h2>\n\n\n\n<p>Weiterhin so aufgeschlossene und ehrliche Leser, die meinen Weg zu einem gemeinsamen Weg verwandeln. Gesundheit. Mehr bunt und weniger grau.<\/p>\n\n\n\n<p class=\"has-text-color has-text-align-center has-vivid-purple-color\"><em>Das w\u00fcnsche ich dir auch. Vielen Dank, lieber Ian Cushing, dass du dir die Zeit genommen hast, mich zu treffen und all meine Fragen zu beantworten. Es war wirklich toll mit dir und ich w\u00fcrde mich freuen, wenn wir mal wieder so nett plaudern k\u00f6nnten. Deinem Roman w\u00fcnsche ich f\u00fcr den weiteren Wettbewerb viel Erfolg.<\/em><\/p>\n","protected":false},"excerpt":{"rendered":"<p>Skoutz &#8211; HomepageSkoutz &#8211; FacebookSkoutz &#8211; Instagram Die zauberhafte Martina vom Skoutz-Award hat mich letztens in Pfuhlenbeck besucht! Was f\u00fcr ein dufter Tag! Nach einem K\u00e4ffchen zum Kennenlernen habe ich ihr die Schaupl\u00e4tze meiner Geschichten gezeigt und wir haben ordentlich geschnackt. Dabei ist dieses tolle Interview entstanden. Danke an den Skoutz-Award und Martina f\u00fcr ihren [&hellip;]<\/p>\n","protected":false},"author":1,"featured_media":0,"comment_status":"closed","ping_status":"open","sticky":false,"template":"","format":"standard","meta":{"footnotes":""},"categories":[8],"tags":[],"class_list":["post-880","post","type-post","status-publish","format-standard","hentry","category-specials"],"_links":{"self":[{"href":"https:\/\/iancushing.de\/index.php?rest_route=\/wp\/v2\/posts\/880","targetHints":{"allow":["GET"]}}],"collection":[{"href":"https:\/\/iancushing.de\/index.php?rest_route=\/wp\/v2\/posts"}],"about":[{"href":"https:\/\/iancushing.de\/index.php?rest_route=\/wp\/v2\/types\/post"}],"author":[{"embeddable":true,"href":"https:\/\/iancushing.de\/index.php?rest_route=\/wp\/v2\/users\/1"}],"replies":[{"embeddable":true,"href":"https:\/\/iancushing.de\/index.php?rest_route=%2Fwp%2Fv2%2Fcomments&post=880"}],"version-history":[{"count":9,"href":"https:\/\/iancushing.de\/index.php?rest_route=\/wp\/v2\/posts\/880\/revisions"}],"predecessor-version":[{"id":889,"href":"https:\/\/iancushing.de\/index.php?rest_route=\/wp\/v2\/posts\/880\/revisions\/889"}],"wp:attachment":[{"href":"https:\/\/iancushing.de\/index.php?rest_route=%2Fwp%2Fv2%2Fmedia&parent=880"}],"wp:term":[{"taxonomy":"category","embeddable":true,"href":"https:\/\/iancushing.de\/index.php?rest_route=%2Fwp%2Fv2%2Fcategories&post=880"},{"taxonomy":"post_tag","embeddable":true,"href":"https:\/\/iancushing.de\/index.php?rest_route=%2Fwp%2Fv2%2Ftags&post=880"}],"curies":[{"name":"wp","href":"https:\/\/api.w.org\/{rel}","templated":true}]}}