{"id":899,"date":"2020-08-03T10:32:47","date_gmt":"2020-08-03T10:32:47","guid":{"rendered":"http:\/\/iancushing.de\/?p=899"},"modified":"2025-10-21T17:34:20","modified_gmt":"2025-10-21T15:34:20","slug":"08-2020-behind-the-scenes-absorption-in-eigener-sache","status":"publish","type":"post","link":"https:\/\/iancushing.de\/?p=899","title":{"rendered":"08\/2020 &#8211; Behind the Scenes &#8211; \u00bbAbsorption\u00ab [in eigener Sache]"},"content":{"rendered":"\n<h2 class=\"has-vivid-green-cyan-color has-text-color wp-block-heading\">Einstiegsplauderei<\/h2>\n\n\n\n<p>Bereits an dem Tag, an dem ich <a href=\"https:\/\/iancushing.de\/?p=73\"><strong>&#8222;In Ewigkeit&#8220;<\/strong><\/a> ver\u00f6ffentlicht hatte (11.03.2018), schrieb ich die erste &#8222;Kurze&#8220; (wie ich meine Kurzgeschichten nenne) mit dem Wunsch, sie irgendwann in einem eigenen Kurzgeschichtenband zu ver\u00f6ffentlichen. Das war also nach <a href=\"https:\/\/iancushing.de\/?p=78\"><strong>&#8222;F\u00fcnf Minuten&#8220;<\/strong><\/a> und <strong>&#8222;In Ewigkeit&#8220;<\/strong>, aber noch vor <a href=\"https:\/\/iancushing.de\/?p=53\"><strong>&#8222;Die Tr\u00e4ne der Zauberschen&#8220;<\/strong><\/a>. Und seit dem Moment habe ich, auch neben der Zauberschen, immer wieder Kurze geschrieben. <a href=\"https:\/\/iancushing.de\/?p=636\"><strong>&#8222;Der Erl\u00f6ser&#8220;<\/strong><\/a> ist ebenfalls mitten in der \u00dcberarbeitungsendphase der Zauberschen entstanden und viele andere Geschichten auch. <br>Und doch ist es wieder alles ein wenig anders. <br>Wenn ein Autor, eine Band, ein Filmemacher oder Schauspieler nicht berechenbar ist, sch\u00e4tze ich das als Leser, H\u00f6rer und Zuschauer sehr. <br>Nat\u00fcrlich birgt das als Autor ein gewisses Risiko, denn der Leser wei\u00df nie 100%ig, was er bekommen wird. Sucht jemand Best\u00e4ndigkeit, h\u00f6rt er AC\/DC oder liest Fitzek &#8230; aber ich will gar nicht AC\/DC (ich liebe AC\/DC!) oder Fitzek sein (den Kontostand mal ausgenommen). Das Schreiben steuert sich bei mir immer aus dem Inneren heraus und das ist mal nachdenklich, mal w\u00fctend und mal albern und so werden halt die Geschichten. <\/p>\n\n\n\n<p>Die in der <strong><a href=\"https:\/\/iancushing.de\/?p=794\">&#8222;Absorption&#8220;<\/a><\/strong> enthaltenen Geschichten waren nicht geplant, sie sind geschehen. Das eigene Buch mit Abstand zu betrachten, ist f\u00fcr mich unm\u00f6glich. Zu tief steckt man in den Geschichten und die Geschichten in einem selbst und ich hoffe sehr, dass Ihr mir bei dem einen oder anderen Gedanken folgen werdet. Ich glaube schon, dass die Kurzgeschichten sowohl den Leser von<strong> &#8222;In Ewigkeit&#8220;<\/strong> als auch <strong>&#8222;Die Tr\u00e4ne der Zauberschen&#8220;<\/strong> interessieren k\u00f6nnen und gleichzeitig auch ganz andere Richtungen einschlagen. <\/p>\n\n\n\n<h2 class=\"has-vivid-green-cyan-color has-text-color wp-block-heading\">Der Titel, der Inhalt<\/h2>\n\n\n\n<p>Das Cover stammt erneut von <a href=\"https:\/\/www.facebook.com\/Karmazid\/\"><strong>Karmazid<\/strong><\/a> und genau wie der Buchtitel <strong>&#8222;Absorption&#8220;<\/strong> bezieht es sich nicht auf eine einzelne Geschichte, sondern auf das Mysterium des Schreibens und der Kreativit\u00e4t an sich. <\/p>\n\n\n\n<p>Ideen, Inspirationen und Gedanken, die sich aus dem unendlichen Kosmos herausl\u00f6sen, um auf den Schreiber hinabzusinken, in sein Zentrum vorzudringen, absorbiert zu werden, ihn zu absorbieren.<\/p>\n\n\n\n<p>Ich bin immer wieder erstaunt, wie das funktionieren kann und frage mich manchmal, ob da nicht etwas Gr\u00f6\u00dferes hinterstecken mag. Und gleichzeitig m\u00f6chte ich es \u00fcberhaupt nicht wissen, denn diese Magie, die ich manches Mal beim Schreiben erleben darf, m\u00f6chte ich viel lieber mit der Naivit\u00e4t eines kleinen Kindes in mich aufsaugen, anstatt sie zu analysieren und zu zerlegen. Ausnahmsweise triumphiert hier das Herz \u00fcber den Verstand und solange das Schreiben auf diese Weise f\u00fcr mich funktioniert, ist alles gut.<\/p>\n\n\n\n<p><strong>&#8222;Absorption&#8220;<\/strong> enth\u00e4lt 13 Geschichten. Die \u00e4ltesten Geschichten des Buches (&#8222;Gesichter in der Menge&#8220; und &#8222;Prosit Neujahr!&#8220;) habe ich bereits vor einigen Jahren geschrieben. Nur f\u00fcr mich und eine Handvoll Menschen <em>(hat sich also eigentlich nichts ge\u00e4ndert, hahaha!)<\/em>. Aber ich mag sie noch und habe (zumindest) &#8222;Gesichter in der Menge&#8220; ziemlich unver\u00e4ndert \u00fcbernommen. &#8222;Prosit Neujahr!&#8220; hingegen spielte schon mit Hank, dem Protagonisten aus <strong>&#8222;Der Erl\u00f6ser&#8220;<\/strong>, ohne dass ich wusste, dass er irgendwann zu meinem Alter Ego werden sollte. Nachdem ich nun einige andere Geschichten geschrieben hatte, wurde die Geschichte \u00fcberarbeitet und dem Status Quo angepasst, ohne die Grundidee oder die Perspektive zu \u00e4ndern. <\/p>\n\n\n\n<p>Es ist unm\u00f6glich &#8211; und w\u00e4re den Geschichten gegen\u00fcber \u00e4u\u00dferst respektlos -, wenn ich behaupten w\u00fcrde, ich h\u00e4tte eine Lieblingsgeschichte in der Anthologie. Ich finde mich in allen Geschichten wieder und je nach Stimmung liebe ich in dem einen Moment eine vielleicht mehr als eine andere. Aber ich liebe sie alle. <br>Ich bin sehr gespannt, wie die unterschiedlichen Geschichten von Euch aufgenommen werden, weil das Buch doch ein recht breites Spektrum bietet. So vielf\u00e4ltig ein Mensch ist, ist auch diese Sammlung ausgefallen, denke ich. Humorvoll, d\u00fcster, spannend, romantisch, aber hoffentlich immer unterhaltsam und immer entstammen sie derselben Quelle. Mir.<\/p>\n\n\n\n<p>Ich habe mir erlaubt, zu jeder Story spontane Gedanken, die ich nach der Korrektur hatte, aufzuschreiben und ins Buch aufzunehmen. Sicherlich habe ich nicht alles aufgeschrieben, was es zu der Geschichte zu sagen gibt, aber wer noch etwas wissen will, fragt mich einfach!<\/p>\n\n\n\n<p>Ich wei\u00df wohl, dass es als Leser unm\u00f6glich ist, jeder Kurzgeschichte eines Autoren etwas abzugewinnen, aber mein gr\u00f6\u00dfter Wunsch ist, dass Ihr die eine oder andere Geschichte absorbiert oder Euch von ihr absorbieren lasst und dar\u00fcber hinaus einige Stunden gute Unterhaltung genie\u00dfen k\u00f6nnt.<\/p>\n\n\n\n<h2 class=\"has-vivid-green-cyan-color has-text-color wp-block-heading\">Das Cover, die Illustrationen<\/h2>\n\n\n\n<p>Es war wieder eine gro\u00dfe Freude und Ehre, als <strong>Karmazid <\/strong>auf meine Anfrage, ob er Zeit und Lust h\u00e4tte, das Cover f\u00fcr mein neues Buch zu zeichnen, mit &#8222;Ja&#8220; antwortete. Er z\u00e4hlt (bekannterma\u00dfen) zu meinen Lieblingsk\u00fcnstlern und mit einem solch kreativen Geist zusammenarbeiten zu d\u00fcrfen, ist jedes Mal wieder ein Traum f\u00fcr mich. Und wenn in einer Unterhaltung der Satz f\u00e4llt: &#8222;Ich arbeite gern an deinen Projekten \u2026&#8220;, k\u00f6nnt Ihr Euch sicherlich vorstellen, wie ich mich da gef\u00fchlt habe.<\/p>\n\n\n\n<p>Diesmal haben wir sicherlich die Messlatte noch h\u00f6her gelegt als sonst, denn sehr spontan und kurz vor der urspr\u00fcnglichen Deadline schlug <strong>Karmazid <\/strong>vor, dass man eine Zeichnung oder ein Symbol f\u00fcr jede Geschichte anfertigen k\u00f6nnte, die den Kern erfasst. Da mir diese Idee selbst schon sehr fr\u00fch gekommen war<em> (ich ihm die Idee aber aus verschiedenen Gr\u00fcnden nicht unterbreitet hatte)<\/em>, lag die Liste nat\u00fcrlich sofort griffbereit.<\/p>\n\n\n\n<p>Einige Ideen habe ich ihm etwas genauer beschrieben (und sogar selbst eine unterirdische &#8222;Zeichnung&#8220; angefertigt, weil ich die Idee nur schwer erkl\u00e4ren konnte, sie mir aber unheimlich wichtig war), aber mit vielen anderen Illustrationen hat er mich sehr \u00fcberrascht, denn ohne die Geschichten im Detail zu kennen, hat er manches mal so exakt ins Schwarze getroffen, dass ich fester denn je davon \u00fcberzeugt bin, mit ihm auf einer \u00e4hnlichen Wellenl\u00e4nge zu liegen <em>(was mich eindeutig mehr ehrt als mir zusteht).<\/em><\/p>\n\n\n\n<p>Wir haben viel hin und hergeschrieben, Ideen getauscht und besondere Momente waren immer f\u00fcr mich, wenn ich etwas vorschlug und er ohne k\u00fcnstlerische Eitelkeit darauf einging. Ich kann meine Gedanken zwar aufschreiben und ihm mit auf den Weg geben, aber was er letztendlich aus meinen Vorschl\u00e4gen entstehen l\u00e4sst, ist f\u00fcr mich pers\u00f6nlich immer wieder eine \u00dcberraschung und nicht weniger als atemberaubend sch\u00f6n. Er erschafft aus der Vision des Autoren seine eigene Version und f\u00fcgt immer etwas hinzu, was mich staunen und strahlen l\u00e4sst.<\/p>\n\n\n\n<p>Manche Zeichnungen haben f\u00fcr mich pers\u00f6nlich eine ganz besondere Kraft. Bereits sein Unendlichkeitssymbol f\u00fcr <strong>&#8222;In Ewigkeit&#8220;<\/strong> ist weit mehr als eine Zeichnung f\u00fcr ein Buchcover. Es ist, wie ich das Leben sehe. Ein ewiger Kreislauf zwischen guten und schlechten Zeiten im Gro\u00dfen wie im Kleinen.<br>Und auch die Zeichnung zu der Geschichte <strong>&#8222;Zuckerperlen&#8220;<\/strong> k\u00f6nnte ich ohne nachzudenken als Lebensmotto verwenden, denn die Aussage der Geschichte und der Zeichnung sind tief in mir verwurzelt und wurden letztendlich auf wundersch\u00f6ne Art und Weise visualisiert.<br>Ich bin mit dem gesamten Artwork unglaublich gl\u00fccklich und freue mich aufrichtig, dass es auch die ersten Reaktionen von Euch gibt, die mir zeigen, dass ich damit nicht allein bin.<\/p>\n\n\n\n<p>Daher nutze ich hier und jetzt die Gelegenheit und sage nochmals: <br><strong>Danke, Karmazid! Ohne deine Kunst w\u00e4re keines meiner B\u00fccher wirklich vollst\u00e4ndig.<\/strong><\/p>\n\n\n\n<h2 class=\"has-vivid-green-cyan-color has-text-color wp-block-heading\">#miteinanderstattgegeneinander<br>#selfpublisherhaltenzusammen<\/h2>\n\n\n\n<p>Ihr k\u00f6nnt mittlerweile das eBook lesen oder das Taschenbuch (mit Goodies und auf Wunsch mit Signatur) bei mir ordern oder bei epubli oder Amazon oder allen anderen Buchh\u00e4ndlern shoppen gehen.<br>Oder aber Ihr spaziert in <a href=\"https:\/\/www.facebook.com\/diewortfiliale\/?__tn__=K-R&amp;eid=ARBnCQOzi1l2OWa-ewiHSYUMAU-IIMo7YkoC_RXkztNZp-ztjGXiV9_5j6l2_TXVuG5uAisfHRvF0ND_&amp;fref=mentions&amp;__xts__%5B0%5D=68.ARDieau-iFE6L4-2Byi9BGTjIPicqfIpelkz1vQy-5zfPb9RfisQJZAvf-YLo7DXda63oOt5mdsjrBK5U9BOIHKcrNyt3gaJ-Pe4_mPhsCGGHyLblVLSEnjJiZSKBdFhe53L7w1PIt_kzIobDLrqIlD2PznmIcB5JG9jsbx6xe82VIODIBXolVvUQ4THSkbClGuqQ3fUyx0Egi4w6gRPhTJtbx8-pLQcAs8QmpJwwvqFJvNFG5eFW7zR9jdOQHe91A9om532wR1IWUWxu1MNX_-hiMKeeS_oYStpHk28EUgX-8vMzUJso3-Rd7lrRc2IsvxY3hiaVsaBCKR5QbLLND8\"><strong>Die Wortfiliale<\/strong><\/a>! Ja! Ich bin seit dem 17.07.2020 stolzes Mitglied der Wortfiliale! Die Wortfiliale ist eine Onlinebuchhandlung, die sich ausschlie\u00dflich um Selfpublisher und Klein(st)verlage k\u00fcmmert! Der Ein-Mann-Betrieb ist ein tolles, kleines Unternehmen, welches sich zu unterst\u00fctzen lohnt! Ich finde die Idee der Wortfiliale einfach gro\u00dfartig und werde sicherlich \u00f6fter darauf hinweisen! Als Autor kann ich meinen Kollegen nur zurufen: Florian k\u00fcmmert sich erstklassig um Euch! \u00dcberlegt, ob Ihr nicht auch ein Teil dieser Gemeinschaft werdet und wir der Welt ein m\u00f6glichst umfassendes Beispiel liefern, wozu wir f\u00e4hig sind!<\/p>\n\n\n\n<p>Unsere Einstellung zum Thema &#8222;Selfpublisher&#8220; ist sich sehr \u00e4hnlich, denn ich selbst habe in meinem Buch einige Seiten reserviert, und dar\u00fcber hinaus einen 14seitigen Flyer designed und drucken lassen, in dem ich mich vor einigen Selfpublishern und Kleinverlagen verneige und sie Euch empfehlen m\u00f6chte. Es war mir ein Bed\u00fcrfnis und ein gro\u00dfer Spa\u00df, an dem Flyer zu arbeiten, denn die B\u00fccher der Kolleginnen und Kollegen haben mich allesamt sehr ber\u00fchrt. Leider sind nicht alle Autoren und B\u00fccher vertreten, die ich bisher gelesen habe, aber diesen Makel werde ich versuchen, beim n\u00e4chsten Mal<em> <\/em>auszumerzen. Versprochen! Ich finde jedenfalls die Idee des #miteinanderstattgegeneinander sehr sch\u00f6n, auch wenn bekannt ist, dass Solidarit\u00e4t unter den Menschen nicht immer ausreichend vorhanden ist. <\/p>\n\n\n\n<p>Ich m\u00f6chte ein Zeichen setzen. Daher habe ich einen neuen Hashtag erfunden: #selfpublisherhaltenzusammen. Ich m\u00f6chte mehr mit anderen Autoren gemeinsam auf die Beine stellen, anstatt die (idiotische) Sorge anderer zu teilen, dass wir uns gegenseitig etwas wegnehmen oder (noch schlimmer) zu denken, jemand sei etwas besseres oder wichtiger als der andere. <br>Ich w\u00fcrde mich sehr freuen, wenn dieser Hashtag sich irgendwann etabliert und Ihr ihn nutzt, wenn Ihr aus Sympathie und \u00dcberzeugung \u00fcber andere SP-Autoren und B\u00fccher sprecht! Er soll positiv aufgeladen werden und nicht gedankenlos benutzt werden. Und schon gar nicht soll er benutzt werden, wenn man nicht mit dem Herzen dahintersteht. Ich werde auch nicht jeden Autoren oder jedes SP-Buch der Welt mit diesem Hashtag adeln; ich bin ja nicht Jesus oder Ghandi. <br>Aber ich spreche gern \u00fcber die Dinge, die mich begeistern, denn vielleicht k\u00f6nnen diese Dinge auch anderen Menschen etwas bedeuten!<br>In diesem Sinne: <strong>United we stand \u2013 divided we fall!<\/strong><\/p>\n\n\n\n<h2 class=\"has-vivid-green-cyan-color has-text-color wp-block-heading\">Wohin geht&#8217;s?<\/h2>\n\n\n\n<p>Steckt man mitten in einem Ver\u00f6ffentlichungsprozess, ist unglaublich viel zu tun und vorzubereiten und zu planen. Da habe ich total vers\u00e4umt, anzuhalten und mir \u00fcber W\u00fcnsche und Hoffnungen Gedanken zu machen! Nachdem ich auf den &#8222;Jetzt-ver\u00f6ffentlichen-Knopf&#8220; gedr\u00fcckt hatte, sa\u00df ich bei einem Bier auf dem Balkon und meine Frau fragte: &#8222;Bist du jetzt aufgeregt?&#8220;<\/p>\n\n\n\n<p>Ich war aber einfach nur leer. <br>Das ist so, wenn man etwas fertiggestellt hat. Zumindest ist es bei mir so. Eine Leere, in die sich aber jetzt so langsam die Aufregung mischt. Ich bin gespannt, wie die Geschichten angenommen und verstanden werden. Ob es mir gelungen ist, sie unterhaltsam zu schreiben. Ob ich dem Anspruch, den jede Geschichte an mich gerichtet hat, gerecht geworden bin.<\/p>\n\n\n\n<p>Ich habe auch den Unterschied zwischen dem Akt der Ver\u00f6ffentlichung von <strong>&#8222;Absorption&#8220;<\/strong> und <strong>&#8222;Die Tr\u00e4ne der Zauberschen&#8220;<\/strong> erkannt. <br>Meine Zaubersche war der Versuch, einen &#8222;echten&#8220; Roman zu schreiben. Einen Roman, den Horror\/Grusel-Fans direkt neben anderen B\u00fcchern des Genres lesen k\u00f6nnen und ich wollte sehen, ob ich es kann. Da gelten ganz andere Hoffnungen und Ans\u00e4tze, denn die Geschichte muss \u00fcber die gesamte Distanz von 460 Seiten stimmig, durchdacht und spannend sein. Das ist eine g\u00e4nzlich andere Herausforderung. <\/p>\n\n\n\n<p>Wer allerdings glaubt, dass die Kurzen weniger arbeitsintensiv sind als eine lange Geschichte \u2026 <br>Nein. Das kam mir nicht so vor. Immer wieder bin ich in die Gedanken und Stimmungen eingetaucht und besonders spannend waren die Momente, in denen ich die Storys zum ersten Mal seit Jahren gelesen habe. Manchmal war es zu meiner Zufriedenheit, und manchmal musste ich ein wenig nachjustieren, weil sich in der Zeitspanne zwischen dem Schreiben und des erneuten Lesens doch wieder ein anderer Blickwinkel in mein Leben geschlichen hatte.<\/p>\n\n\n\n<p><strong>&#8222;Absorption&#8220; <\/strong>geht bisweilen den Weg der Zauberschen weiter, blickt aber auch zur\u00fcck in die Ewigkeit. Ist oftmals mehr Gedanke als Geschichte, auch wenn ich denke, dass mir eine interessante Mischung gelungen sein k\u00f6nnte. <em>(Auch in der Zauberschen ist sehr viel von mir enthalten; viel mehr, als man als Leser ahnen kann.)<\/em><br>Wer mich kennt, wei\u00df, dass ich stets weit entfernt von &#8222;zufrieden&#8220; bin, hahaha. Aber wenn ich meine B\u00fccher nebeneinander betrachte, sehe und verstehe ich mich selbst ein wenig mehr. Und somit, und da <strong>&#8222;Absorption&#8220;<\/strong> nun ver\u00f6ffentlicht ist, kann ich als Autor sagen: <em>&#8222;Ja, das bin ich. Das ist mein &#8222;Werk&#8220;. F\u00fcr mich ist es stimmig, denn das bin alles Ich.&#8220; <\/em><\/p>\n\n\n\n<p>Nat\u00fcrlich w\u00fcnsche ich mir, dass Ihr diesem Ich etwas abgewinnen k\u00f6nnt. Denn auch wenn man seine Kreativit\u00e4t vor allem f\u00fcr sich selbst ausleben sollte, waren Eure Reaktionen, Gespr\u00e4che und Diskussionen stets bereichernd, befl\u00fcgelnd und f\u00fcr mich wertvoller, als Ihr Euch vorstellen k\u00f6nnt.<\/p>\n\n\n\n<p>Zu Anfang habe ich beschrieben, dass ich direkt nach <strong>&#8222;In Ewigkeit&#8220;<\/strong> den Wunsch entwickelte, eine Anthologie zu ver\u00f6ffentlichen. Dann kam die Idee zu <strong>&#8222;Die Tr\u00e4ne der Zauberschen&#8220;<\/strong> und ich hatte pl\u00f6tzlich einen Plan:<\/p>\n\n\n\n<p><strong>&#8222;In Ewigkeit&#8220;<\/strong> war ein Buch, welches geschrieben werden <em>musste<\/em>.<br><strong>&#8222;Die Tr\u00e4ne der Zauberschen&#8220;<\/strong> war ein Buch, das ich schreiben <em>wollte<\/em>.<br><strong>&#8222;Absorption&#8220;<\/strong> erf\u00fcllt mir jetzt den Wunsch nach einer Mischung aus beidem.<\/p>\n\n\n\n<p>F\u00fcr mich f\u00fchlt es sich tats\u00e4chlich so an, als h\u00e4tte ich eine Etappe beendet. <br>Aber habt keine Angst \/ macht Euch keine Hoffung! Das war die erste Etappe!<br>Ich habe Ideen f\u00fcr mindestens vier B\u00fccher und weitere Geschichten und solange mich das Schreiben gl\u00fccklich macht, werde ich weiter machen. Auf welche Art auch immer. Vermutlich wird sich in der nahen Zukunft einiges \u00e4ndern, aber dar\u00fcber werde ich mir selbst noch klar werden m\u00fcssen. <\/p>\n\n\n\n<p>Ich hoffe, die wundervollen Leser, Blogger und Freunde bleiben an meiner Seite und gehen mit mir diesen Weg, wohin er uns auch f\u00fchren mag. <br>Ich hoffe, die Leser, Blogger und Freunde, die einen anderen Weg einschlagen, gehen ohne Groll. <br>Ich hoffe, ich werde neue Leser, Blogger und Freunde mit meinen B\u00fcchern finden und ihnen eine gute Zeit und bestenfalls gute Gedanken schenken.<\/p>\n\n\n\n<p>Ich danke Euch allen von Herzen, aber nun lasst Euch endlich von meinen Kurzen absorbieren! Ich freu mich auf Eure aufrichtigen Reaktionen, sei es Lob oder Kritik!<\/p>\n\n\n\n<p>Liebste Gr\u00fc\u00dfe!<br>Ian.<\/p>\n","protected":false},"excerpt":{"rendered":"<p>Einstiegsplauderei Bereits an dem Tag, an dem ich &#8222;In Ewigkeit&#8220; ver\u00f6ffentlicht hatte (11.03.2018), schrieb ich die erste &#8222;Kurze&#8220; (wie ich meine Kurzgeschichten nenne) mit dem Wunsch, sie irgendwann in einem eigenen Kurzgeschichtenband zu ver\u00f6ffentlichen. Das war also nach &#8222;F\u00fcnf Minuten&#8220; und &#8222;In Ewigkeit&#8220;, aber noch vor &#8222;Die Tr\u00e4ne der Zauberschen&#8220;. Und seit dem Moment habe [&hellip;]<\/p>\n","protected":false},"author":1,"featured_media":0,"comment_status":"closed","ping_status":"open","sticky":false,"template":"","format":"standard","meta":{"footnotes":""},"categories":[8],"tags":[],"class_list":["post-899","post","type-post","status-publish","format-standard","hentry","category-specials"],"_links":{"self":[{"href":"https:\/\/iancushing.de\/index.php?rest_route=\/wp\/v2\/posts\/899","targetHints":{"allow":["GET"]}}],"collection":[{"href":"https:\/\/iancushing.de\/index.php?rest_route=\/wp\/v2\/posts"}],"about":[{"href":"https:\/\/iancushing.de\/index.php?rest_route=\/wp\/v2\/types\/post"}],"author":[{"embeddable":true,"href":"https:\/\/iancushing.de\/index.php?rest_route=\/wp\/v2\/users\/1"}],"replies":[{"embeddable":true,"href":"https:\/\/iancushing.de\/index.php?rest_route=%2Fwp%2Fv2%2Fcomments&post=899"}],"version-history":[{"count":104,"href":"https:\/\/iancushing.de\/index.php?rest_route=\/wp\/v2\/posts\/899\/revisions"}],"predecessor-version":[{"id":1030,"href":"https:\/\/iancushing.de\/index.php?rest_route=\/wp\/v2\/posts\/899\/revisions\/1030"}],"wp:attachment":[{"href":"https:\/\/iancushing.de\/index.php?rest_route=%2Fwp%2Fv2%2Fmedia&parent=899"}],"wp:term":[{"taxonomy":"category","embeddable":true,"href":"https:\/\/iancushing.de\/index.php?rest_route=%2Fwp%2Fv2%2Fcategories&post=899"},{"taxonomy":"post_tag","embeddable":true,"href":"https:\/\/iancushing.de\/index.php?rest_route=%2Fwp%2Fv2%2Ftags&post=899"}],"curies":[{"name":"wp","href":"https:\/\/api.w.org\/{rel}","templated":true}]}}